{"id":13566,"date":"2016-09-29T16:47:17","date_gmt":"2016-09-29T21:47:17","guid":{"rendered":"http:\/\/visionpeninsular.com\/mid\/?p=13566"},"modified":"2016-09-29T16:47:17","modified_gmt":"2016-09-29T21:47:17","slug":"presenta-alcalde-mauricio-vila-maraton-merida-2017-en-cdmx","status":"publish","type":"post","link":"https:\/\/visionpeninsular.com\/mid\/presenta-alcalde-mauricio-vila-maraton-merida-2017-en-cdmx\/","title":{"rendered":"Presenta  alcalde Mauricio Vila Marat\u00f3n de M\u00e9rida 2017 en CDMX"},"content":{"rendered":"<p>Al hacer la presentaci\u00f3n del Marat\u00f3n de la Ciudad de M\u00e9rida 2017, ante medios especializados y deportivos, el alcalde Mauricio Vila Dosal, invit\u00f3 a participar no solo en la competencia  a los amantes de los maratones, que el 8 de enero del a\u00f1o pr\u00f3ximo cumple 26 a\u00f1os de realizarse,sino a visitar y disfrutar M\u00e9rida, que en 2017 celebra 475 a\u00f1os de su fundaci\u00f3n.<\/p>\n<p>Indic\u00f3 que este evento se caracteriza por su excelente organizaci\u00f3n y para 2017, se ha establecido una ruta que incluye sitios atractivos de la ciudad, como el emblem\u00e1tico Paseo de Montejo y su Prolongaci\u00f3n, el Centro Hist\u00f3rico, el segundo m\u00e1s grande del pa\u00eds, y la Catedral, la m\u00e1s antigua de Am\u00e9rica Latina, entre otros; asimismo inform\u00f3 que M\u00e9rida ser\u00e1 la Capital Americana de la Cultura, y se ofrecer\u00e1n numerosas actividades para el disfrute en familia.<\/p>\n<p>El alcalde destac\u00f3 que la preparaci\u00f3n del marat\u00f3n correr\u00e1 a cargo del Comit\u00e9 Organizador y de la empresa AsDeporte, que es una compa\u00f1\u00eda l\u00edder en organizaci\u00f3n de eventos deportivos, con m\u00e1s de 26 a\u00f1os de experiencia, lo cual promover\u00e1 a esta competencia en el plano nacional e internacional. <\/p>\n<p>Se\u00f1al\u00f3 que en  esta edici\u00f3n se incorporar\u00e1n tres eventos adicionales: un medio marat\u00f3n de 21.09 kil\u00f3metros, una carrera de 10 kil\u00f3metros y una caminata de 3 kil\u00f3metros; de esta manera, el marat\u00f3n, adem\u00e1s de ser para atletas profesionales y de alto rendimiento, ser\u00e1 tambi\u00e9n un espacio abierto para los aficionados y para la convivencia familiar.<\/p>\n<p>El premio para los ganadores absolutos del marat\u00f3n, en las  ramas varonil y femenil,  ser\u00e1 de 85 mil pesos, y la bolsa total de premiaci\u00f3n ser\u00e1 de 762 mil pesos, que se repartir\u00e1n entre los ganadores de la carrera de 10 kil\u00f3metros, el medio marat\u00f3n de 21 kil\u00f3metros y del marat\u00f3n de 42 kil\u00f3metros. La caminata de tres kil\u00f3metros no tendr\u00e1 premio.<\/p>\n<p>Las otras categor\u00edas recibir\u00e1n 20 mil pesos, adem\u00e1s de las bolsas para las diferentes categor\u00edas, que van de 3 mil a 6 mil pesos, y que incluyen a los participantes en sillas de ruedas.<\/p>\n<p>La salida y meta del marat\u00f3n ser\u00e1 el Monumento a la Patria y el derrotero se ampliar\u00e1 a calles que no se inclu\u00edan anteriormente, como la Av. Itz\u00e1es y calles del centro, de manera que los corredores no den dos vueltas por un solo circuito como se hac\u00eda anteriormente para completar los 42 kil\u00f3metros.<\/p>\n<p>Costos e inscripciones<\/p>\n<p>El costo de inscripci\u00f3n para la carrera de 10 kil\u00f3metros es de 250 pesos por persona; para el medio marat\u00f3n y marat\u00f3n es de 350, y para la caminata de 3 km, es s\u00f3lo de 90.<\/p>\n<p>Las inscripciones ya est\u00e1n abiertas y se cierran el 7 de enero de 2017. Para mayores  informes se puede consultar la p\u00e1ginawww.asdeporte.com.<\/p>\n<p>Tambi\u00e9n se podr\u00e1n realizar inscripciones en el estadio Salvador Alvarado, del 19 de septiembre al 25 de noviembre, de 16:00 a 20:00 horas, y del 28 de noviembre al 6 de enero, de 07:00 a 11:00 y de 16:00 a 20:00 horas, excepto s\u00e1bados y domingos.<\/p>\n<div class='share-to-whatsapp-wrapper'><div class='share-on-whsp'>Share on: <\/div><a data-text='Presenta  alcalde Mauricio Vila Marat\u00f3n de M\u00e9rida 2017 en CDMX' data-link='https:\/\/visionpeninsular.com\/mid\/presenta-alcalde-mauricio-vila-maraton-merida-2017-en-cdmx\/' class='whatsapp-button whatsapp-share'>WhatsApp<\/a><div class='clear '><\/div><\/div>","protected":false},"excerpt":{"rendered":"<p>Al hacer la presentaci\u00f3n del Marat\u00f3n de la Ciudad de M\u00e9rida 2017, ante medios especializados y deportivos, el alcalde Mauricio Vila Dosal, invit\u00f3 a participar no solo en la competencia a los amantes de los maratones, que el 8 de enero del a\u00f1o pr\u00f3ximo cumple 26 a\u00f1os de realizarse,sino a visitar y disfrutar M\u00e9rida, que &hellip;<\/p>\n","protected":false},"author":5,"featured_media":13567,"comment_status":"open","ping_status":"open","sticky":false,"template":"","format":"standard","meta":{"_mi_skip_tracking":false},"categories":[50],"tags":[2911,3012],"_links":{"self":[{"href":"https:\/\/visionpeninsular.com\/mid\/wp-json\/wp\/v2\/posts\/13566"}],"collection":[{"href":"https:\/\/visionpeninsular.com\/mid\/wp-json\/wp\/v2\/posts"}],"about":[{"href":"https:\/\/visionpeninsular.com\/mid\/wp-json\/wp\/v2\/types\/post"}],"author":[{"embeddable":true,"href":"https:\/\/visionpeninsular.com\/mid\/wp-json\/wp\/v2\/users\/5"}],"replies":[{"embeddable":true,"href":"https:\/\/visionpeninsular.com\/mid\/wp-json\/wp\/v2\/comments?post=13566"}],"version-history":[{"count":1,"href":"https:\/\/visionpeninsular.com\/mid\/wp-json\/wp\/v2\/posts\/13566\/revisions"}],"predecessor-version":[{"id":13568,"href":"https:\/\/visionpeninsular.com\/mid\/wp-json\/wp\/v2\/posts\/13566\/revisions\/13568"}],"wp:featuredmedia":[{"embeddable":true,"href":"https:\/\/visionpeninsular.com\/mid\/wp-json\/wp\/v2\/media\/13567"}],"wp:attachment":[{"href":"https:\/\/visionpeninsular.com\/mid\/wp-json\/wp\/v2\/media?parent=13566"}],"wp:term":[{"taxonomy":"category","embeddable":true,"href":"https:\/\/visionpeninsular.com\/mid\/wp-json\/wp\/v2\/categories?post=13566"},{"taxonomy":"post_tag","embeddable":true,"href":"https:\/\/visionpeninsular.com\/mid\/wp-json\/wp\/v2\/tags?post=13566"}],"curies":[{"name":"wp","href":"https:\/\/api.w.org\/{rel}","templated":true}]}}