{"id":135591,"date":"2020-10-15T20:10:50","date_gmt":"2020-10-16T01:10:50","guid":{"rendered":"http:\/\/visionpeninsular.com\/mid\/?p=135591"},"modified":"2020-10-15T20:10:54","modified_gmt":"2020-10-16T01:10:54","slug":"nuevos-recortes-para-yucatan-en-participaciones-federales-para-2021-olga-rosas-moya","status":"publish","type":"post","link":"https:\/\/visionpeninsular.com\/mid\/nuevos-recortes-para-yucatan-en-participaciones-federales-para-2021-olga-rosas-moya\/","title":{"rendered":"Nuevos recortes para Yucat\u00e1n en participaciones federales para 2021: Olga Rosas Moya"},"content":{"rendered":"\n<p>M\u00e9rida, Yucat\u00e1n, 15 de octubre de 2020.- El panorama financiero de Yucat\u00e1n para el pr\u00f3ximo 2021 se complica a\u00fan m\u00e1s con los recortes por parte del Gobierno Federal a programas que estaban destinados a impulsar la seguridad, el campo y la educaci\u00f3n, lo que viene a sumarse a la reducci\u00f3n en las participaciones que corresponden a los estados y los municipios.<\/p>\n\n\n\n<p>Estas afectaciones tendr\u00e1n un impacto en todas las instituciones de Gobierno que en lugar de pensar en aumentos tendr\u00e1n que apretarse el cintur\u00f3n. En el caso del Gobierno del Estado se seguir\u00e1 haciendo m\u00e1s con menos, haciendo m\u00e1s eficiente el gasto para apoyar a la poblaci\u00f3n m\u00e1s vulnerable que este a\u00f1o sufri\u00f3 los efectos de la pandemia del Covid-19; de las tormentas tropicales Amanda, Crist\u00f3bal y Gamma y del paso del hurac\u00e1n \u201cDelta\u201d, expres\u00f3 la titular de la Secretar\u00eda de Administraci\u00f3n y Finanzas (SAF), Olga Rosas Moya.<\/p>\n\n\n\n<p>La funcionaria inform\u00f3 que, luego de las fuertes reducciones incluidas en el Proyecto de Presupuesto de Egresos de la Federaci\u00f3n (PFEF), el estado dejar\u00e1 de contar para el pr\u00f3ximo 2021 con 1,848 millones de pesos, en t\u00e9rminos reales, respecto al ejercicio fiscal de 2020.<\/p>\n\n\n\n<p>Las aportaciones y los convenios son recursos que el Gobierno federal transfiere a los estados y municipios para que puedan fortalecer su capacidad de respuesta y atender demandas de rubros importantes como lo son educaci\u00f3n, la salud, infraestructura b\u00e1sica, entre otros, explic\u00f3 la secretaria de Administraci\u00f3n y Finanzas.<\/p>\n\n\n\n<p>Al dar m\u00e1s detalles, Rosas Moya apunt\u00f3 que los recortes son resultado de la eliminaci\u00f3n de 34 programas federales, tales como Escuelas de Tiempo Completo; Proagua Rural; el Fondo de Protecci\u00f3n de Gastos Catastr\u00f3ficos, el Fondo Nacional del Emprendedor y el Fortalecimiento a la Excelencia Educativa, as\u00ed como el programa de Fortalecimiento para la Seguridad (Fortaseg), el cual es un subsidio que se otorga a los municipios y, en su caso, a los estados, para el reforzamiento de los temas de Seguridad.<\/p>\n\n\n\n<p>Yucat\u00e1n enfrentar\u00e1 un panorama econ\u00f3mico muy complicado pues adem\u00e1s del freno econ\u00f3mico que impuso la pandemia y los fen\u00f3menos meteorol\u00f3gicos tambi\u00e9n habr\u00e1 una reducci\u00f3n muy sensible de los recursos de Libre Disposici\u00f3n, del gasto operativo de programas de apoyo y de la obra p\u00fablica estatal, los cuales disminuyen 2,467 millones de pesos, es decir un 11.6% menos, comparado con lo autorizado en el 2020.<\/p>\n\n\n\n<p>Apunt\u00f3 que esta ca\u00edda de recursos de Libre Disposici\u00f3n ha sido progresiva, pues desde 2018 han disminuido 6,064 millones de pesos, es decir, un 24%. En contraste, agreg\u00f3, los Servicios Personales y el pago a Jubilados han crecido en un 6.4%, lo que representa un incremento de 613 millones de pesos.<\/p>\n\n\n\n<p>Al abundar sobre los recortes al campo, la funcionaria record\u00f3 que al igual que en 2020, este a\u00f1o el presupuesto no contempla el Programa de Concurrencia con las Entidades Federativas; adem\u00e1s se elimin\u00f3 el Programa de Desarrollo Rural con el que se implementaron los Prodeters, el Programa de Atenci\u00f3n a Desastres Naturales, SNIDRUS, por lo que en el 2021 ser\u00eda otro a\u00f1o que se dejar\u00e1n de recibir casi 100 millones de pesos de la Federaci\u00f3n.<\/p>\n\n\n\n<p>Tambi\u00e9n se eliminaron de los Programas presupuestales de la SADER el programa de Cr\u00e9dito Ganadero a la Palabra, entre otros recortes.<\/p>\n\n\n\n<p>Asimismo, en el ramo educativo el Programa de Escuelas de Tiempo Completo, desde el 2019 tuvo un recorte presupuestal federal de casi el 50% y para este a\u00f1o no le fue asignado presupuesto alguno. Otros programas afectados fueron el Programa para el Desarrollo de Aprendizajes Significativos de Educaci\u00f3n B\u00e1sica (DASEB) y Programa Nacional de Convivencia Escolar (PNCE); los cuales en conjunto sumaban m\u00e1s de $4.2 millones de pesos en el ejercicio del 2020.<\/p>\n\n\n\n<p>La reducci\u00f3n presupuestal no es asunto exclusivo de Yucat\u00e1n, sino un recorte generalizado a nivel nacional, indic\u00f3.&nbsp; Cabe destacar que, aunque ya se anticipaba la disminuci\u00f3n de recursos p\u00fablicos por la ca\u00edda de la econom\u00eda del pa\u00eds y la pandemia del COVID-19, no se debe soslayar que Yucat\u00e1n ya ven\u00eda arrastrando recortes presupuestales como resultado de las disposiciones federales.<\/p>\n\n\n\n<p>Es momento de ser solidarios, reitera y es momento que todos se aprieten el cintur\u00f3n. Como hemos dicho antes, dijo, los recursos no caer\u00e1n del cielo, y por ello nuestra respuesta ante estos ajustes siempre ha sido actuar con m\u00e1s y m\u00e1s eficiencia, haciendo m\u00e1s con menos; esto viene desde el plan de ahorro que el Gobernador impulsa desde el primer d\u00eda, y los resultados est\u00e1n a la vista, agreg\u00f3.<\/p>\n\n\n\n<p>Por \u00faltimo, record\u00f3 que ser eficiente es no poner el foco en pedir m\u00e1s recursos, sino en ocuparse al 100 por ciento en hacer m\u00e1s y mejor con lo que ya tienes y esto es una regla que debe correr para todos, subray\u00f3, al tiempo de invitar a los otros poderes y los ayuntamientos yucatecos a implementar medidas ante el complicado escenario que se vislumbra en las finanzas estatales.<\/p>\n<div class='share-to-whatsapp-wrapper'><div class='share-on-whsp'>Share on: <\/div><a data-text='Nuevos recortes para Yucat\u00e1n en participaciones federales para 2021: Olga Rosas Moya' data-link='https:\/\/visionpeninsular.com\/mid\/nuevos-recortes-para-yucatan-en-participaciones-federales-para-2021-olga-rosas-moya\/' class='whatsapp-button whatsapp-share'>WhatsApp<\/a><div class='clear '><\/div><\/div>","protected":false},"excerpt":{"rendered":"<p>M\u00e9rida, Yucat\u00e1n, 15 de octubre de 2020.- El panorama financiero de Yucat\u00e1n para el pr\u00f3ximo 2021 se complica a\u00fan m\u00e1s con los recortes por parte del Gobierno Federal a programas que estaban destinados a impulsar la seguridad, el campo y la educaci\u00f3n, lo que viene a sumarse a la reducci\u00f3n en las participaciones que corresponden &hellip;<\/p>\n","protected":false},"author":1,"featured_media":135592,"comment_status":"open","ping_status":"open","sticky":false,"template":"","format":"standard","meta":{"_mi_skip_tracking":false},"categories":[49,37],"tags":[12857,24280],"_links":{"self":[{"href":"https:\/\/visionpeninsular.com\/mid\/wp-json\/wp\/v2\/posts\/135591"}],"collection":[{"href":"https:\/\/visionpeninsular.com\/mid\/wp-json\/wp\/v2\/posts"}],"about":[{"href":"https:\/\/visionpeninsular.com\/mid\/wp-json\/wp\/v2\/types\/post"}],"author":[{"embeddable":true,"href":"https:\/\/visionpeninsular.com\/mid\/wp-json\/wp\/v2\/users\/1"}],"replies":[{"embeddable":true,"href":"https:\/\/visionpeninsular.com\/mid\/wp-json\/wp\/v2\/comments?post=135591"}],"version-history":[{"count":1,"href":"https:\/\/visionpeninsular.com\/mid\/wp-json\/wp\/v2\/posts\/135591\/revisions"}],"predecessor-version":[{"id":135593,"href":"https:\/\/visionpeninsular.com\/mid\/wp-json\/wp\/v2\/posts\/135591\/revisions\/135593"}],"wp:featuredmedia":[{"embeddable":true,"href":"https:\/\/visionpeninsular.com\/mid\/wp-json\/wp\/v2\/media\/135592"}],"wp:attachment":[{"href":"https:\/\/visionpeninsular.com\/mid\/wp-json\/wp\/v2\/media?parent=135591"}],"wp:term":[{"taxonomy":"category","embeddable":true,"href":"https:\/\/visionpeninsular.com\/mid\/wp-json\/wp\/v2\/categories?post=135591"},{"taxonomy":"post_tag","embeddable":true,"href":"https:\/\/visionpeninsular.com\/mid\/wp-json\/wp\/v2\/tags?post=135591"}],"curies":[{"name":"wp","href":"https:\/\/api.w.org\/{rel}","templated":true}]}}