{"id":13551,"date":"2016-09-29T10:05:55","date_gmt":"2016-09-29T15:05:55","guid":{"rendered":"http:\/\/visionpeninsular.com\/mid\/?p=13551"},"modified":"2016-09-29T10:05:55","modified_gmt":"2016-09-29T15:05:55","slug":"incrementa-demanda-uber-en-merida-en-70","status":"publish","type":"post","link":"https:\/\/visionpeninsular.com\/mid\/incrementa-demanda-uber-en-merida-en-70\/","title":{"rendered":"Incrementa demanda de Uber en M\u00e9rida en un 70%"},"content":{"rendered":"<p>(ACOM).- A consecuencia del paro de m\u00e1s de dos mil unidades afiliadas al Frente \u00danico de Trabajadores del Volante (FUTV) y dem\u00e1s empresas de taxis, la empresa Uber report\u00f3 que durante el martes 27 de septiembre, en M\u00e9rida se realizaron 70% m\u00e1s viajes que en un martes normal.<\/p>\n<p>Mediante un comunicado de prensa, la compa\u00f1\u00eda tecnol\u00f3gica precis\u00f3 que 95% m\u00e1s usuarios realizaron su primer viaje con Uber que un d\u00eda com\u00fan y corriente, mientras que se conectaron 20% m\u00e1s conductores, que trabajaron, en promedio, 23% m\u00e1s que un martes cotidiano.<\/p>\n<p>Esto quiere decir que, si normalmente en la ciudad se realizan 1000 servicios, ayer, durante la suspensi\u00f3n de servicios por parte de agremiados al FUTV y similares, se realizaron 700 viajes m\u00e1s, beneficiando a la empresa que lleg\u00f3 a la capital yucateca en el mes de marzo.<\/p>\n<p>Adem\u00e1s, quienes ayer solicitaron un Uber en M\u00e9rida, esperaron en promedio 2.2 minutos la llegada del conductor.<\/p>\n<p>En relaci\u00f3n al nivel sureste, que abarca las ciudades de M\u00e9rida, Campeche, Canc\u00fan y Villahermosa, la aplicaci\u00f3n fue abierta m\u00e1s de 366 mil veces entre las cuatro, en tanto que el c\u00f3digo #ElSurNoPara, que regalaba dos viajes gratis con valor de 50 pesos cada uno, fue ingresado por m\u00e1s de 65 mil usuarios.<\/p>\n<p>En el comunicado, Uber invit\u00f3 a no dejar que unos cuantos decidan por la mayor\u00eda.<\/p>\n<p>\u201cNo dejemos de expresarnos, sumemos a m\u00e1s personas\u201d, refiri\u00f3.<\/p>\n<p>Desde que Uber lleg\u00f3 a la regi\u00f3n, se han generado m\u00e1s de 9.6 mil autoempleos y m\u00e1s de 370 mil personas han elegido Uber para llegar a su pr\u00f3ximo destino.<\/p>\n<p>En M\u00e9xico, la plataforma est\u00e1 presente en 26 ciudades, tiene m\u00e1s de dos millones de usuarios activos y m\u00e1s de 80 mil socios conductores registrados.<\/p>\n<div class='share-to-whatsapp-wrapper'><div class='share-on-whsp'>Share on: <\/div><a data-text='Incrementa demanda de Uber en M\u00e9rida en un 70%' data-link='https:\/\/visionpeninsular.com\/mid\/incrementa-demanda-uber-en-merida-en-70\/' class='whatsapp-button whatsapp-share'>WhatsApp<\/a><div class='clear '><\/div><\/div>","protected":false},"excerpt":{"rendered":"<p>(ACOM).- A consecuencia del paro de m\u00e1s de dos mil unidades afiliadas al Frente \u00danico de Trabajadores del Volante (FUTV) y dem\u00e1s empresas de taxis, la empresa Uber report\u00f3 que durante el martes 27 de septiembre, en M\u00e9rida se realizaron 70% m\u00e1s viajes que en un martes normal. Mediante un comunicado de prensa, la compa\u00f1\u00eda &hellip;<\/p>\n","protected":false},"author":1,"featured_media":13552,"comment_status":"open","ping_status":"open","sticky":false,"template":"","format":"standard","meta":{"_mi_skip_tracking":false},"categories":[50],"tags":[922,207],"_links":{"self":[{"href":"https:\/\/visionpeninsular.com\/mid\/wp-json\/wp\/v2\/posts\/13551"}],"collection":[{"href":"https:\/\/visionpeninsular.com\/mid\/wp-json\/wp\/v2\/posts"}],"about":[{"href":"https:\/\/visionpeninsular.com\/mid\/wp-json\/wp\/v2\/types\/post"}],"author":[{"embeddable":true,"href":"https:\/\/visionpeninsular.com\/mid\/wp-json\/wp\/v2\/users\/1"}],"replies":[{"embeddable":true,"href":"https:\/\/visionpeninsular.com\/mid\/wp-json\/wp\/v2\/comments?post=13551"}],"version-history":[{"count":1,"href":"https:\/\/visionpeninsular.com\/mid\/wp-json\/wp\/v2\/posts\/13551\/revisions"}],"predecessor-version":[{"id":13553,"href":"https:\/\/visionpeninsular.com\/mid\/wp-json\/wp\/v2\/posts\/13551\/revisions\/13553"}],"wp:featuredmedia":[{"embeddable":true,"href":"https:\/\/visionpeninsular.com\/mid\/wp-json\/wp\/v2\/media\/13552"}],"wp:attachment":[{"href":"https:\/\/visionpeninsular.com\/mid\/wp-json\/wp\/v2\/media?parent=13551"}],"wp:term":[{"taxonomy":"category","embeddable":true,"href":"https:\/\/visionpeninsular.com\/mid\/wp-json\/wp\/v2\/categories?post=13551"},{"taxonomy":"post_tag","embeddable":true,"href":"https:\/\/visionpeninsular.com\/mid\/wp-json\/wp\/v2\/tags?post=13551"}],"curies":[{"name":"wp","href":"https:\/\/api.w.org\/{rel}","templated":true}]}}