{"id":135082,"date":"2020-10-04T19:24:46","date_gmt":"2020-10-05T00:24:46","guid":{"rendered":"http:\/\/visionpeninsular.com\/mid\/?p=135082"},"modified":"2020-10-04T19:24:51","modified_gmt":"2020-10-05T00:24:51","slug":"el-gobierno-del-estado-otorga-atencion-y-apoyo-a-la-poblacion-de-tizimin-que-resulto-afectada-por-el-paso-de-la-tormenta-tropical-gamma","status":"publish","type":"post","link":"https:\/\/visionpeninsular.com\/mid\/el-gobierno-del-estado-otorga-atencion-y-apoyo-a-la-poblacion-de-tizimin-que-resulto-afectada-por-el-paso-de-la-tormenta-tropical-gamma\/","title":{"rendered":"El Gobierno del Estado otorga atenci\u00f3n y apoyo a la poblaci\u00f3n de Tizim\u00edn que result\u00f3 afectada por el paso de la tormenta tropical \u201cGamma\u201d"},"content":{"rendered":"\n<p>Tizim\u00edn, Yucat\u00e1n, 4 de octubre de 2020.- Por instrucciones del Gobernador Mauricio Vila Dosal, el titular de la Secretar\u00eda de Desarrollo Social (Sedesol), Roger Torres Peniche, hizo un recorrido por el municipio de Tizim\u00edn, uno de los que m\u00e1s resinti\u00f3 el impacto de la tormenta tropical \u201cGamma\u201d en su paso por Yucat\u00e1n, en donde reiter\u00f3 que el Gobierno del Estado continuar\u00e1 otorgando todo el apoyo necesario a la poblaci\u00f3n que result\u00f3 afectada por las fuertes lluvias que dej\u00f3 este fen\u00f3meno natural.<\/p>\n\n\n\n<p>Acompa\u00f1ado del comandante de la X Regi\u00f3n Militar, General de Divisi\u00f3n V\u00edctor Hugo Aguirre Serna y del alcalde anfitri\u00f3n, Mario Gonz\u00e1lez, el funcionario estatal supervis\u00f3 en la demarcaci\u00f3n del oriente del estado las labores conjuntas que realizan personal del Gobierno del Estado, el Ej\u00e9rcito Mexicano y el Ayuntamiento tizimile\u00f1o, al tiempo que anunci\u00f3 que llegar\u00e1 hasta esta ciudad maquinaria para la limpieza y desazolve de calles, as\u00ed como 2 perforadoras de pozos profundos para ayudar al desag\u00fce de las zonas en donde el agua subi\u00f3 de nivel.<\/p>\n\n\n\n<figure class=\"wp-block-image size-large\"><img loading=\"lazy\" width=\"1024\" height=\"682\" src=\"http:\/\/visionpeninsular.com\/mid\/wp-content\/uploads\/2020\/10\/image00004-1024x682.jpeg\" alt=\"\" class=\"wp-image-135083\" srcset=\"https:\/\/visionpeninsular.com\/mid\/wp-content\/uploads\/2020\/10\/image00004-1024x682.jpeg 1024w, https:\/\/visionpeninsular.com\/mid\/wp-content\/uploads\/2020\/10\/image00004-300x200.jpeg 300w, https:\/\/visionpeninsular.com\/mid\/wp-content\/uploads\/2020\/10\/image00004-768x512.jpeg 768w, https:\/\/visionpeninsular.com\/mid\/wp-content\/uploads\/2020\/10\/image00004-310x205.jpeg 310w, https:\/\/visionpeninsular.com\/mid\/wp-content\/uploads\/2020\/10\/image00004.jpeg 1280w\" sizes=\"(max-width: 1024px) 100vw, 1024px\" \/><\/figure>\n\n\n\n<p>Junto con el titular de la Coordinaci\u00f3n Estatal de Protecci\u00f3n Civil de Yucat\u00e1n (Procivy), Enrique Alcocer Basto, Torres Peniche visit\u00f3 el albergue temporal habilitado en la escuela secundaria &#8220;Miguel Barrero Palmero&#8221; para constatar la operaci\u00f3n de este lugar, que durante la noche del s\u00e1bado recibi\u00f3 a 30 personas, entre adultos y ni\u00f1os, quienes salieron de sus hogares debido a la acumulaci\u00f3n de agua provocada por las fuertes lluvias que trajo consigo este fen\u00f3meno natural.<\/p>\n\n\n\n<p>\u201cDesde muy temprano estamos en la zona de las afectaciones para supervisar los da\u00f1os, dimensionar la problem\u00e1tica, atenderla. En coordinaci\u00f3n con el Ej\u00e9rcito, Protecci\u00f3n Civil y los alcaldes, estamos atendiendo a la poblaci\u00f3n. Las medidas que se tomaron antes y despu\u00e9s han sido las necesarias, afortunadamente estamos atendiendo las afectaciones que este fen\u00f3meno ha generado y que pudieran haber sido mayores, pero afortunadamente no las tuvimos\u201d, expres\u00f3 el funcionario estatal.<\/p>\n\n\n\n<figure class=\"wp-block-image size-large\"><img loading=\"lazy\" width=\"1024\" height=\"682\" src=\"http:\/\/visionpeninsular.com\/mid\/wp-content\/uploads\/2020\/10\/image00009-1024x682.jpeg\" alt=\"\" class=\"wp-image-135084\" srcset=\"https:\/\/visionpeninsular.com\/mid\/wp-content\/uploads\/2020\/10\/image00009-1024x682.jpeg 1024w, https:\/\/visionpeninsular.com\/mid\/wp-content\/uploads\/2020\/10\/image00009-300x200.jpeg 300w, https:\/\/visionpeninsular.com\/mid\/wp-content\/uploads\/2020\/10\/image00009-768x511.jpeg 768w, https:\/\/visionpeninsular.com\/mid\/wp-content\/uploads\/2020\/10\/image00009-310x205.jpeg 310w, https:\/\/visionpeninsular.com\/mid\/wp-content\/uploads\/2020\/10\/image00009.jpeg 1280w\" sizes=\"(max-width: 1024px) 100vw, 1024px\" \/><\/figure>\n\n\n\n<p>Durante la ma\u00f1ana de este domingo, una gran parte de las personas que anoche arribaron al albergue, se retiraron para regresar a sus hogares, por lo que s\u00f3lo permanecen 6 adultos y 6 ni\u00f1os que ser\u00e1n atendidos y apoyados por personal de Procivy que se encuentra ah\u00ed y que trabajan de forma coordinada con elementos de la Secretar\u00eda de la Defensa Nacional (Sedena) para apoyarlos durante el tiempo que sea necesario a la poblaci\u00f3n.<\/p>\n\n\n\n<p>Durante el recorrido por la escuela secundaria, Torres Peniche pudo constatar la instalaci\u00f3n de un consultorio m\u00e9dico temporal, para atender cualquier emergencia de salud que pudiera presentarse, adem\u00e1s corrobor\u00f3 que los salones se encuentren acondicionados con colchonetas y cobertores para las personas que lo requieran.<\/p>\n\n\n\n<figure class=\"wp-block-image size-large\"><img loading=\"lazy\" width=\"1024\" height=\"682\" src=\"http:\/\/visionpeninsular.com\/mid\/wp-content\/uploads\/2020\/10\/image00006-1024x682.jpeg\" alt=\"\" class=\"wp-image-135085\" srcset=\"https:\/\/visionpeninsular.com\/mid\/wp-content\/uploads\/2020\/10\/image00006-1024x682.jpeg 1024w, https:\/\/visionpeninsular.com\/mid\/wp-content\/uploads\/2020\/10\/image00006-300x200.jpeg 300w, https:\/\/visionpeninsular.com\/mid\/wp-content\/uploads\/2020\/10\/image00006-768x511.jpeg 768w, https:\/\/visionpeninsular.com\/mid\/wp-content\/uploads\/2020\/10\/image00006-310x205.jpeg 310w, https:\/\/visionpeninsular.com\/mid\/wp-content\/uploads\/2020\/10\/image00006.jpeg 1280w\" sizes=\"(max-width: 1024px) 100vw, 1024px\" \/><\/figure>\n\n\n\n<p>En ese lugar, el General Brigadier Enrique Garc\u00eda Jaramillo, jefe de Estado Mayor de la 32 Zona Militar, explic\u00f3 que elementos del Ej\u00e9rcito acondicionaron un puesto de sanidad para atender a posibles casos de personas con Coronavirus y tambi\u00e9n instalaron una cocina fr\u00eda que se encuentra lista para servir comida para quienes ah\u00ed permanecen. En este sentido, los militares tambi\u00e9n proporcionaron el equipo y material adecuado para instalar una cocina de comida caliente en caso de ser requerida.<\/p>\n\n\n\n<p>Posteriormente, el titular de Sedesol recorri\u00f3 las calles del fraccionamiento Los Aguacates y la colonia San Mart\u00edn de la cabecera municipal, ya que fueron los lugares que el d\u00eda de ayer concentraron un incremento en el nivel del agua. Ah\u00ed, el alcalde de Tizim\u00edn explic\u00f3 que estas zonas com\u00fanmente se encharcan por estar en una hondonada, pero que en esta ocasi\u00f3n debido al paso del fen\u00f3meno natural \u201cGamma\u201d, que trajo un alto volumen de precipitaci\u00f3n, el l\u00edquido se acumul\u00f3 y alcanz\u00f3 hasta metro y medio de altura.<\/p>\n\n\n\n<figure class=\"wp-block-image size-large\"><img loading=\"lazy\" width=\"1024\" height=\"682\" src=\"http:\/\/visionpeninsular.com\/mid\/wp-content\/uploads\/2020\/10\/image00007-1024x682.jpeg\" alt=\"\" class=\"wp-image-135086\" srcset=\"https:\/\/visionpeninsular.com\/mid\/wp-content\/uploads\/2020\/10\/image00007-1024x682.jpeg 1024w, https:\/\/visionpeninsular.com\/mid\/wp-content\/uploads\/2020\/10\/image00007-300x200.jpeg 300w, https:\/\/visionpeninsular.com\/mid\/wp-content\/uploads\/2020\/10\/image00007-768x511.jpeg 768w, https:\/\/visionpeninsular.com\/mid\/wp-content\/uploads\/2020\/10\/image00007-310x205.jpeg 310w, https:\/\/visionpeninsular.com\/mid\/wp-content\/uploads\/2020\/10\/image00007.jpeg 1280w\" sizes=\"(max-width: 1024px) 100vw, 1024px\" \/><\/figure>\n\n\n\n<p>Ante ello, Torres Peniche extern\u00f3 que el Gobernador Vila Dosal instruy\u00f3 otorgar toda la ayuda necesaria para la pronta recuperaci\u00f3n de esta comunidad, que&nbsp;fue una de las m\u00e1s afectadas por las fuertes lluvias, por lo que la dependencia que encabeza proporcionar\u00e1 la maquinaria necesaria para la limpieza&nbsp; y desazolve de calles que se sumar\u00e1n a la pipa de extracci\u00f3n de agua con capacidad de 20 mil litros que desde tempranas horas de este domingo se encuentra realizando labores para remover el l\u00edquido acumulado.<\/p>\n\n\n\n<p>Vecinos de la zona informaron que las lluvias fuertes se dejaron sentir desde las 3 de la tarde del s\u00e1bado y hasta las 2 de la ma\u00f1ana de hoy domingo, lo que ocasion\u00f3 que en algunas \u00e1reas que se encuentran en zonas bajas el agua se acumule y aumentara de nivel. No obstante, la jornada de este domingo transcurre con normalidad en este municipio del oriente del estado.<\/p>\n\n\n\n<p>En ese marco, el funcionario estatal y comandante de la X Regi\u00f3n Militar coincidieron en que en esta regi\u00f3n las afectaciones se trataron, m\u00e1s que nada, de \u00e1rboles, ramas y postes ca\u00eddos, corte en el servicio de energ\u00eda el\u00e9ctrica, que en su mayor\u00eda ya se est\u00e1 restableciendo, e incremento del nivel del agua acumulada en algunas zonas, no m\u00e1s de all\u00e1 de metro y medio, sin que hasta el momento haya reportes de personas lesionadas o que hayan fallecido.<\/p>\n\n\n\n<figure class=\"wp-block-image size-large\"><img loading=\"lazy\" width=\"1024\" height=\"682\" src=\"http:\/\/visionpeninsular.com\/mid\/wp-content\/uploads\/2020\/10\/image00008-1024x682.jpeg\" alt=\"\" class=\"wp-image-135087\" srcset=\"https:\/\/visionpeninsular.com\/mid\/wp-content\/uploads\/2020\/10\/image00008-1024x682.jpeg 1024w, https:\/\/visionpeninsular.com\/mid\/wp-content\/uploads\/2020\/10\/image00008-300x200.jpeg 300w, https:\/\/visionpeninsular.com\/mid\/wp-content\/uploads\/2020\/10\/image00008-768x511.jpeg 768w, https:\/\/visionpeninsular.com\/mid\/wp-content\/uploads\/2020\/10\/image00008-310x205.jpeg 310w, https:\/\/visionpeninsular.com\/mid\/wp-content\/uploads\/2020\/10\/image00008.jpeg 1280w\" sizes=\"(max-width: 1024px) 100vw, 1024px\" \/><\/figure>\n\n\n\n<p>\u201cEstamos otorgando respuesta inmediata y en tiempo real y es importante que la poblaci\u00f3n lo sepa para que se sienta protegida y est\u00e9 tranquila. El Gobernador Mauricio Vila Dosal se mantiene pendiente de este tipo de acciones y por ello aqu\u00ed estamos en el lugar de los hechos viendo que las afectaciones se atiendan, que la situaci\u00f3n se encuentre bajo el control, sin embargo, nos mantendremos atentos ya que el fen\u00f3meno todav\u00eda est\u00e1 latente por lo que no bajaremos la guardia\u201d asever\u00f3 Torres Peniche.<\/p>\n\n\n\n<p>Cabe mencionar que a pesar de las fuertes lluvias provocadas por la tormenta tropical \u201cGamma\u201d, que el d\u00eda de ayer entr\u00f3 a territorio estatal por el municipio de Chemax y caus\u00f3 afectaciones en Valladolid y Tizim\u00edn, las v\u00edas de comunicaci\u00f3n que llevan a estas localidades del oriente del estado, no fueron interrumpidas, por lo que se puede circular por estas vialidades de forma acostumbrada.<\/p>\n\n\n\n<p>Hasta la \u00faltima actualizaci\u00f3n proporcionada por Protecci\u00f3n Civil del Estado a la 1 de la tarde de este d\u00eda, la tormenta tropical Gamma se localizaba a 65 kil\u00f3metros al norte de R\u00edo Lagartos y a 185 kil\u00f3metros al este-noroeste del puerto de Progreso y se desplazaba hacia el norte a una velocidad de 4 kil\u00f3metros por hora.<\/p>\n\n\n\n<figure class=\"wp-block-image size-large\"><img loading=\"lazy\" width=\"1024\" height=\"682\" src=\"http:\/\/visionpeninsular.com\/mid\/wp-content\/uploads\/2020\/10\/image00011-1024x682.jpeg\" alt=\"\" class=\"wp-image-135089\" srcset=\"https:\/\/visionpeninsular.com\/mid\/wp-content\/uploads\/2020\/10\/image00011-1024x682.jpeg 1024w, https:\/\/visionpeninsular.com\/mid\/wp-content\/uploads\/2020\/10\/image00011-300x200.jpeg 300w, https:\/\/visionpeninsular.com\/mid\/wp-content\/uploads\/2020\/10\/image00011-768x512.jpeg 768w, https:\/\/visionpeninsular.com\/mid\/wp-content\/uploads\/2020\/10\/image00011-310x205.jpeg 310w, https:\/\/visionpeninsular.com\/mid\/wp-content\/uploads\/2020\/10\/image00011.jpeg 1280w\" sizes=\"(max-width: 1024px) 100vw, 1024px\" \/><\/figure>\n\n\n\n<p>Ante las condiciones que prevalecen en el estado a causa del paso de la tormenta tropical \u201cGamma\u201d, se exhorta a la poblaci\u00f3n a mantenerse informada sobre la trayectoria de este fen\u00f3meno meteorol\u00f3gico, a trav\u00e9s de las fuentes y canales oficiales del Gobierno Estatal, as\u00ed como tomar las medidas preventivas necesarias.<\/p>\n<div class='share-to-whatsapp-wrapper'><div class='share-on-whsp'>Share on: <\/div><a data-text='El Gobierno del Estado otorga atenci\u00f3n y apoyo a la poblaci\u00f3n de Tizim\u00edn que result\u00f3 afectada por el paso de la tormenta tropical \u201cGamma\u201d' data-link='https:\/\/visionpeninsular.com\/mid\/el-gobierno-del-estado-otorga-atencion-y-apoyo-a-la-poblacion-de-tizimin-que-resulto-afectada-por-el-paso-de-la-tormenta-tropical-gamma\/' class='whatsapp-button whatsapp-share'>WhatsApp<\/a><div class='clear '><\/div><\/div>","protected":false},"excerpt":{"rendered":"<p>Tizim\u00edn, Yucat\u00e1n, 4 de octubre de 2020.- Por instrucciones del Gobernador Mauricio Vila Dosal, el titular de la Secretar\u00eda de Desarrollo Social (Sedesol), Roger Torres Peniche, hizo un recorrido por el municipio de Tizim\u00edn, uno de los que m\u00e1s resinti\u00f3 el impacto de la tormenta tropical \u201cGamma\u201d en su paso por Yucat\u00e1n, en donde reiter\u00f3 &hellip;<\/p>\n","protected":false},"author":1,"featured_media":135090,"comment_status":"open","ping_status":"open","sticky":false,"template":"","format":"standard","meta":{"_mi_skip_tracking":false},"categories":[49,37],"tags":[24083,185],"_links":{"self":[{"href":"https:\/\/visionpeninsular.com\/mid\/wp-json\/wp\/v2\/posts\/135082"}],"collection":[{"href":"https:\/\/visionpeninsular.com\/mid\/wp-json\/wp\/v2\/posts"}],"about":[{"href":"https:\/\/visionpeninsular.com\/mid\/wp-json\/wp\/v2\/types\/post"}],"author":[{"embeddable":true,"href":"https:\/\/visionpeninsular.com\/mid\/wp-json\/wp\/v2\/users\/1"}],"replies":[{"embeddable":true,"href":"https:\/\/visionpeninsular.com\/mid\/wp-json\/wp\/v2\/comments?post=135082"}],"version-history":[{"count":1,"href":"https:\/\/visionpeninsular.com\/mid\/wp-json\/wp\/v2\/posts\/135082\/revisions"}],"predecessor-version":[{"id":135091,"href":"https:\/\/visionpeninsular.com\/mid\/wp-json\/wp\/v2\/posts\/135082\/revisions\/135091"}],"wp:featuredmedia":[{"embeddable":true,"href":"https:\/\/visionpeninsular.com\/mid\/wp-json\/wp\/v2\/media\/135090"}],"wp:attachment":[{"href":"https:\/\/visionpeninsular.com\/mid\/wp-json\/wp\/v2\/media?parent=135082"}],"wp:term":[{"taxonomy":"category","embeddable":true,"href":"https:\/\/visionpeninsular.com\/mid\/wp-json\/wp\/v2\/categories?post=135082"},{"taxonomy":"post_tag","embeddable":true,"href":"https:\/\/visionpeninsular.com\/mid\/wp-json\/wp\/v2\/tags?post=135082"}],"curies":[{"name":"wp","href":"https:\/\/api.w.org\/{rel}","templated":true}]}}