{"id":134818,"date":"2020-09-29T12:08:51","date_gmt":"2020-09-29T17:08:51","guid":{"rendered":"http:\/\/visionpeninsular.com\/mid\/?p=134818"},"modified":"2020-09-29T12:08:59","modified_gmt":"2020-09-29T17:08:59","slug":"inician-las-jornadas-del-derecho-a-saber-2020-del-inaip-yucatan","status":"publish","type":"post","link":"https:\/\/visionpeninsular.com\/mid\/inician-las-jornadas-del-derecho-a-saber-2020-del-inaip-yucatan\/","title":{"rendered":"Inician las Jornadas del Derecho a Saber 2020 del Inaip Yucat\u00e1n"},"content":{"rendered":"\n<p>M\u00e9rida, Yucat\u00e1n, 28 de septiembre de 2020.- Con un llamado a la ciudadan\u00eda para ejercer su derecho de acceso a la informaci\u00f3n p\u00fablica como una herramienta de participaci\u00f3n ciudadana y resoluci\u00f3n de problem\u00e1ticas sociales, el Comisionado Presidente del Inaip Yucat\u00e1n, Aldrin Mart\u00edn Brice\u00f1o Conrado, dio inicio a las Jornadas del Derecho a Saber 2020.<\/p>\n\n\n\n<p>Acompa\u00f1ado del Comisionado Carlos Pav\u00f3n Dur\u00e1n, inform\u00f3 que en lo que va del a\u00f1o, en Yucat\u00e1n se han recibido 12 mil 528 solicitudes de informaci\u00f3n, dirigidas a los 235 sujetos obligados del padr\u00f3n yucateco, v\u00eda la Plataforma Nacional de Transparencia (PNT).<\/p>\n\n\n\n<p>Apunt\u00f3 que las preguntas m\u00e1s frecuentes van dirigidas al ejercicio del gasto p\u00fablico de las entidades, adem\u00e1s de cuestiones sobre salud, derivadas de la pandemia.<\/p>\n\n\n\n<p>En este sentido dijo que las solicitudes relacionadas con el COVID-19 en el Estado suman 409.<\/p>\n\n\n\n<p>\u201cEl Derecho de Acceso a la Informaci\u00f3n P\u00fablica no ha disminuido con la pandemia, al contrario, las personas se han acercado a los medios electr\u00f3nicos para preguntar sobre lo que m\u00e1s les interesa\u201d, dijo.<\/p>\n\n\n\n<p>En la ceremonia inaugural de las Jornadas 2020, el Comisionado Presidente del Instituto Nacional de Transparencia, Acceso a la Informaci\u00f3n P\u00fablica y Protecci\u00f3n de Datos Personales (INAI), Francisco Acu\u00f1a Llamas, se\u00f1al\u00f3 que M\u00e9xico tiene un equipamiento para hacer posible la informaci\u00f3n p\u00fablica y que para muchos pa\u00edses ha servido de modelo y de referencia.<\/p>\n\n\n\n<p>\u201cHay que conmemorar que gracias al Derecho de Acceso a la Informaci\u00f3n cada d\u00eda nos documentamos m\u00e1s. El gobierno y las instituciones p\u00fablicas de todos los niveles y los \u00e1mbitos, deben de cumplir sus deberes correctamente porque el ciudadano podr\u00e1 reclamar informaci\u00f3n en alg\u00fan momento\u201d, asever\u00f3.<\/p>\n\n\n\n<p>Por su parte, la Coordinadora de los organismos garantes de las entidades federativas del Sistema Nacional de Transparencia, Cynthia Cantero Pacheco, enfatiz\u00f3 que la utilidad del Derecho de Acceso a la Informaci\u00f3n P\u00fablica est\u00e1 presente en todos los \u00e1mbitos de la vida social.<\/p>\n\n\n\n<p>\u201cEn estos momentos de crisis, este derecho puede facilitarnos datos y estad\u00edsticas que nos permitan activar nuestra creatividad e inventiva para generar soluciones\u201d, dijo.<\/p>\n\n\n\n<p>Durante una semana, el Inaip Yucat\u00e1n, ofrecer\u00e1 actividades en l\u00ednea para conmemorar el D\u00eda Internacional del Derecho de Acceso a la Informaci\u00f3n Universal, promulgado por la Organizaci\u00f3n de las Naciones Unidas (ONU) desde el 2002.<\/p>\n\n\n\n<p>Las Jornadas del Derecho a Saber son una estrategia que realiza el \u00f3rgano garante por cuarto a\u00f1o consecutivo, con actividades dirigidas a servidores p\u00fablicos y a la ciudadan\u00eda en general y este a\u00f1o se realizan a trav\u00e9s de los canales digitales de este organismo, en atenci\u00f3n a la emergencia sanitaria.<\/p>\n\n\n\n<p>\u201cQueremos llegar a un gran n\u00famero de la poblaci\u00f3n, es por eso que adem\u00e1s de estos eventos los transe\u00fantes podr\u00e1n visualizar diversas carteleras que hemos colocado en colaboraci\u00f3n con el Gobierno del Estado, con el fin de que puedan saber que el Inaip Yucat\u00e1n est\u00e1 cercano a la ciudadan\u00eda para orientarlos sobre c\u00f3mo ejercer su derecho a saber\u201d, declar\u00f3 Aldrin Brice\u00f1o Conrado.<\/p>\n\n\n\n<p>Las Jornadas comenzaron con la conferencia La importancia del Derecho de Acceso a la Informaci\u00f3n P\u00fablica, impartida por el Comisionado Presidente a estudiantes de la Universidad Vizcaya de las Am\u00e9ricas, campus M\u00e9rida y con la mesa panel Retos y oportunidades en la gesti\u00f3n de solicitudes de informaci\u00f3n, en la que participaron titulares de las Unidades de Transparencia del Ayuntamiento de Progreso, Iresine Sol\u00eds Hern\u00e1ndez; del Instituto de Seguridad Social de los Trabajadores del Estado de Yucat\u00e1n, Carmen Guadalupe Ortega Coronado; del Tribunal Superior de Justicia del Poder Judicial del Estado, Carlos Alberto Peraza \u00c1vila, y el Director General de la Coordinaci\u00f3n de Transparencia del Poder Ejecutivo, Ra\u00fal Alberto Medina Carde\u00f1a.<\/p>\n\n\n\n<p>Las Jornadas del Derecho a Saber 2020 podr\u00e1n seguirse a trav\u00e9s de los canales de YouTube y Facebook Watch del Inaip Yucat\u00e1n.<\/p>\n<div class='share-to-whatsapp-wrapper'><div class='share-on-whsp'>Share on: <\/div><a data-text='Inician las Jornadas del Derecho a Saber 2020 del Inaip Yucat\u00e1n' data-link='https:\/\/visionpeninsular.com\/mid\/inician-las-jornadas-del-derecho-a-saber-2020-del-inaip-yucatan\/' class='whatsapp-button whatsapp-share'>WhatsApp<\/a><div class='clear '><\/div><\/div>","protected":false},"excerpt":{"rendered":"<p>M\u00e9rida, Yucat\u00e1n, 28 de septiembre de 2020.- Con un llamado a la ciudadan\u00eda para ejercer su derecho de acceso a la informaci\u00f3n p\u00fablica como una herramienta de participaci\u00f3n ciudadana y resoluci\u00f3n de problem\u00e1ticas sociales, el Comisionado Presidente del Inaip Yucat\u00e1n, Aldrin Mart\u00edn Brice\u00f1o Conrado, dio inicio a las Jornadas del Derecho a Saber 2020. Acompa\u00f1ado &hellip;<\/p>\n","protected":false},"author":5,"featured_media":134819,"comment_status":"open","ping_status":"open","sticky":false,"template":"","format":"standard","meta":{"_mi_skip_tracking":false},"categories":[49,37],"tags":[535,24003],"_links":{"self":[{"href":"https:\/\/visionpeninsular.com\/mid\/wp-json\/wp\/v2\/posts\/134818"}],"collection":[{"href":"https:\/\/visionpeninsular.com\/mid\/wp-json\/wp\/v2\/posts"}],"about":[{"href":"https:\/\/visionpeninsular.com\/mid\/wp-json\/wp\/v2\/types\/post"}],"author":[{"embeddable":true,"href":"https:\/\/visionpeninsular.com\/mid\/wp-json\/wp\/v2\/users\/5"}],"replies":[{"embeddable":true,"href":"https:\/\/visionpeninsular.com\/mid\/wp-json\/wp\/v2\/comments?post=134818"}],"version-history":[{"count":1,"href":"https:\/\/visionpeninsular.com\/mid\/wp-json\/wp\/v2\/posts\/134818\/revisions"}],"predecessor-version":[{"id":134820,"href":"https:\/\/visionpeninsular.com\/mid\/wp-json\/wp\/v2\/posts\/134818\/revisions\/134820"}],"wp:featuredmedia":[{"embeddable":true,"href":"https:\/\/visionpeninsular.com\/mid\/wp-json\/wp\/v2\/media\/134819"}],"wp:attachment":[{"href":"https:\/\/visionpeninsular.com\/mid\/wp-json\/wp\/v2\/media?parent=134818"}],"wp:term":[{"taxonomy":"category","embeddable":true,"href":"https:\/\/visionpeninsular.com\/mid\/wp-json\/wp\/v2\/categories?post=134818"},{"taxonomy":"post_tag","embeddable":true,"href":"https:\/\/visionpeninsular.com\/mid\/wp-json\/wp\/v2\/tags?post=134818"}],"curies":[{"name":"wp","href":"https:\/\/api.w.org\/{rel}","templated":true}]}}