{"id":134622,"date":"2020-09-25T10:15:26","date_gmt":"2020-09-25T15:15:26","guid":{"rendered":"http:\/\/visionpeninsular.com\/mid\/?p=134622"},"modified":"2020-09-25T10:15:40","modified_gmt":"2020-09-25T15:15:40","slug":"merida-exhibira-galeria-de-fotografias-capturadas-en-cuarentena","status":"publish","type":"post","link":"https:\/\/visionpeninsular.com\/mid\/merida-exhibira-galeria-de-fotografias-capturadas-en-cuarentena\/","title":{"rendered":"M\u00e9rida exhibir\u00e1 galer\u00eda de fotograf\u00edas capturadas en cuarentena"},"content":{"rendered":"\n<p>Cambios culturales y distintas formas de vivir la contingencia forman parte ya de la memoria colectiva de la ciudad. El Ayuntamiento de M\u00e9rida a trav\u00e9s de la Direcci\u00f3n de Cultura, junto con el Museo de la Ciudad, consciente de documentar, preservar y mostrar la memoria hist\u00f3rica de M\u00e9rida, ha organizado la Exposici\u00f3n Fotogr\u00e1fica Extramuros \u201cLa Cuarentena\u201d que se podr\u00e1 disfrutar a partir de este viernes 25 de septiembre en el Pasaje del Portal de Granos.<\/p>\n\n\n\n<p>El material expuesto la conforman una selecci\u00f3n de los trabajos fotogr\u00e1ficos ganadores del pasado Concurso \u201cLa Cuarentena\u201d, uno de los programas emergentes municipales, que estuvo dirigido a fot\u00f3grafos, realizadores audiovisuales y aficionados a la fotograf\u00eda, con el prop\u00f3sito de generar herramientas de expresi\u00f3n que pudieran ayudar a las personas a sobrellevar el confinamiento causado por el COVID-19.<\/p>\n\n\n\n<figure class=\"wp-block-image size-large\"><img loading=\"lazy\" width=\"768\" height=\"511\" src=\"http:\/\/visionpeninsular.com\/mid\/wp-content\/uploads\/2020\/09\/Expo-Cuarentena-Me\u0301rida.jpg\" alt=\"\" class=\"wp-image-134624\" srcset=\"https:\/\/visionpeninsular.com\/mid\/wp-content\/uploads\/2020\/09\/Expo-Cuarentena-Me\u0301rida.jpg 768w, https:\/\/visionpeninsular.com\/mid\/wp-content\/uploads\/2020\/09\/Expo-Cuarentena-Me\u0301rida-300x200.jpg 300w, https:\/\/visionpeninsular.com\/mid\/wp-content\/uploads\/2020\/09\/Expo-Cuarentena-Me\u0301rida-310x205.jpg 310w\" sizes=\"(max-width: 768px) 100vw, 768px\" \/><\/figure>\n\n\n\n<p>Esos recuerdos, sentimientos y emociones captados a trav\u00e9s de la lente de los participantes permanecer\u00e1n expuestos al paso de todos los ciudadanos como una forma de compartir los diferentes momentos que las familias han tenido que enfrentar con la esperanza de una nueva normalidad.<\/p>\n\n\n\n<p>En la muestra se exhibir\u00e1n 20 trabajos que el museo seleccion\u00f3 de los procesos de abril y mayo del concurso. En los materiales del mes de abril se reflejan im\u00e1genes de lo que ocurre en las calles, la convivencia familiar, el trabajo online, nuevos h\u00e1bitos de higiene y limpieza dentro y fuera de casa, pasatiempos, c\u00f3mo disfrutar las vacaciones en el hogar hasta expresiones inesperadas con las cuales el espectador podr\u00eda sentirse identificado a lo largo de la cuarentena.<\/p>\n\n\n\n<figure class=\"wp-block-image size-large\"><img loading=\"lazy\" width=\"768\" height=\"534\" src=\"http:\/\/visionpeninsular.com\/mid\/wp-content\/uploads\/2020\/09\/Expo-Cuarentena-Me\u0301rida-2.jpg\" alt=\"\" class=\"wp-image-134625\" srcset=\"https:\/\/visionpeninsular.com\/mid\/wp-content\/uploads\/2020\/09\/Expo-Cuarentena-Me\u0301rida-2.jpg 768w, https:\/\/visionpeninsular.com\/mid\/wp-content\/uploads\/2020\/09\/Expo-Cuarentena-Me\u0301rida-2-300x209.jpg 300w, https:\/\/visionpeninsular.com\/mid\/wp-content\/uploads\/2020\/09\/Expo-Cuarentena-Me\u0301rida-2-110x75.jpg 110w\" sizes=\"(max-width: 768px) 100vw, 768px\" \/><\/figure>\n\n\n\n<p>Las 10 obras de ese mes fueron capturadas por Miguel \u00c1ngel G\u00f3mez Dur\u00e1n (con el t\u00edtulo \u201cLa playa en casa. Caldo de alb\u00f3ndigas\u201d), Margarita Guadalupe Blanco Aldana (\u201cEl presente\u201d), Mauricio Abelardo Flores Cort\u00e9s (\u201cVen a casa\u201d), Melissa Jazm\u00edn Cant\u00fa D\u00e1vila (\u201cNoches de Kindle\u201d), Carlos Jos\u00e9 Erosa Esquivel (\u201cA\u00f1oranza\u201d), Shirley Cristina Morgan Galicia (\u201cOtra vez vac\u00edo, solo, en mi habitaci\u00f3n, sin salida\u201d), Mart\u00edn de Jes\u00fas Zetina Gij\u00f3n (\u201cDo\u00f1a Carmen cubre bocas a personas vulnerables\u201d), Ana Bel\u00e9n Llanes Echeverr\u00eda (\u201cA trav\u00e9s de la ventana\u201d), Ernesto Tadeo Hern\u00e1ndez Alamilla (\u201cLibertad perdida\u201d) y Karla Fabiola Madera Pool (\u201cGrupo primario\u201d).<\/p>\n\n\n\n<p>El resto de los materiales fotogr\u00e1ficos, tanto en color como en blanco y negro, incluye trabajos con alta emotividad y empat\u00eda causada por la pandemia desde el confinamiento y con im\u00e1genes de quienes se vieron en la necesidad propiciar el bien com\u00fan, arriesgando la salud por los dem\u00e1s.<\/p>\n\n\n\n<p>Los trabajos corresponden a Am\u00edlcar de la Cruz Rodr\u00edguez Rodr\u00edguez (\u201cLos del primer frente ante el Covid-19\u201d), Diana Denisse V\u00e1rguez Heredia (\u201cSilvia en la cuarentena\u201d), Jos\u00e9 Eduardo Segura Yah (\u201cExtra\u00f1ando jugar contigo\u201d), Armando Pineda Mascorro (\u201cHow To Build Luxury Swimming Pool In Wild Step by Step\u201d), Sergio Ruz V\u00e1zquez (\u201cContemplando la nueva normalidad\u201d), Salim J. Pinto S\u00e1nchez (\u201cEncerrada en cuarentena\u201d), Jorque Ezequiel Pe\u00f1a Acosta (\u201cM\u00eda festeja un d\u00eda del ni\u00f1o diferente\u201d), Benazir Amaya Polanco (\u201cEn espera\u201d), Juan \u00c1ngel S\u00e1nchez Cano (\u201cGuerreros sin ring. Ring sin guerreros\u201d) y \u00d3scar Alfonso Contreras Herrera (\u201cProhibido Estacionarse\u201d).<\/p>\n\n\n\n<p>La Exposici\u00f3n Extramuros \u201cLa Cuarentena\u201d se podr\u00e1 visitar a partir de este viernes 25 a&nbsp; las 10 de la ma\u00f1ana en el Pasaje del Portal de Granos, a un costado del Museo de la Ciudad (calle 56 A entre 65 A y 65 Centro).<\/p>\n<div class='share-to-whatsapp-wrapper'><div class='share-on-whsp'>Share on: <\/div><a data-text='M\u00e9rida exhibir\u00e1 galer\u00eda de fotograf\u00edas capturadas en cuarentena' data-link='https:\/\/visionpeninsular.com\/mid\/merida-exhibira-galeria-de-fotografias-capturadas-en-cuarentena\/' class='whatsapp-button whatsapp-share'>WhatsApp<\/a><div class='clear '><\/div><\/div>","protected":false},"excerpt":{"rendered":"<p>Cambios culturales y distintas formas de vivir la contingencia forman parte ya de la memoria colectiva de la ciudad. El Ayuntamiento de M\u00e9rida a trav\u00e9s de la Direcci\u00f3n de Cultura, junto con el Museo de la Ciudad, consciente de documentar, preservar y mostrar la memoria hist\u00f3rica de M\u00e9rida, ha organizado la Exposici\u00f3n Fotogr\u00e1fica Extramuros \u201cLa &hellip;<\/p>\n","protected":false},"author":5,"featured_media":134623,"comment_status":"open","ping_status":"open","sticky":false,"template":"","format":"standard","meta":{"_mi_skip_tracking":false},"categories":[49,37],"tags":[20379,23934,13607],"_links":{"self":[{"href":"https:\/\/visionpeninsular.com\/mid\/wp-json\/wp\/v2\/posts\/134622"}],"collection":[{"href":"https:\/\/visionpeninsular.com\/mid\/wp-json\/wp\/v2\/posts"}],"about":[{"href":"https:\/\/visionpeninsular.com\/mid\/wp-json\/wp\/v2\/types\/post"}],"author":[{"embeddable":true,"href":"https:\/\/visionpeninsular.com\/mid\/wp-json\/wp\/v2\/users\/5"}],"replies":[{"embeddable":true,"href":"https:\/\/visionpeninsular.com\/mid\/wp-json\/wp\/v2\/comments?post=134622"}],"version-history":[{"count":1,"href":"https:\/\/visionpeninsular.com\/mid\/wp-json\/wp\/v2\/posts\/134622\/revisions"}],"predecessor-version":[{"id":134626,"href":"https:\/\/visionpeninsular.com\/mid\/wp-json\/wp\/v2\/posts\/134622\/revisions\/134626"}],"wp:featuredmedia":[{"embeddable":true,"href":"https:\/\/visionpeninsular.com\/mid\/wp-json\/wp\/v2\/media\/134623"}],"wp:attachment":[{"href":"https:\/\/visionpeninsular.com\/mid\/wp-json\/wp\/v2\/media?parent=134622"}],"wp:term":[{"taxonomy":"category","embeddable":true,"href":"https:\/\/visionpeninsular.com\/mid\/wp-json\/wp\/v2\/categories?post=134622"},{"taxonomy":"post_tag","embeddable":true,"href":"https:\/\/visionpeninsular.com\/mid\/wp-json\/wp\/v2\/tags?post=134622"}],"curies":[{"name":"wp","href":"https:\/\/api.w.org\/{rel}","templated":true}]}}