{"id":134619,"date":"2020-09-25T09:32:52","date_gmt":"2020-09-25T14:32:52","guid":{"rendered":"http:\/\/visionpeninsular.com\/mid\/?p=134619"},"modified":"2020-09-25T09:32:56","modified_gmt":"2020-09-25T14:32:56","slug":"campeche-seria-el-primer-estado-en-pasar-a-semaforo-verde","status":"publish","type":"post","link":"https:\/\/visionpeninsular.com\/mid\/campeche-seria-el-primer-estado-en-pasar-a-semaforo-verde\/","title":{"rendered":"Campeche seria el primer estado en pasar a sem\u00e1foro verde"},"content":{"rendered":"\n<p>A casi cuatro meses de haberse implementado el sem\u00e1foro epidemiol\u00f3gico de riesgo Covid-19, se perfila que Campeche sea la primera entidad que transite a color verde, lo que implicar\u00e1 principalmente el regreso a las actividades educativas, tras reducirse los contagios y hospitalizaciones, revelaron a La Raz\u00f3n fuentes del gobierno estatal.<\/p>\n\n\n\n<p>Adem\u00e1s, Sinaloa saldr\u00eda de la lista de los estados en naranja para cambiar a amarillo; Morelos tambi\u00e9n se mantendr\u00eda en amarillo, mientras que en naranja continuar\u00edan la pr\u00f3xima quincena Colima, Guanajuato, Hidalgo, Estado de M\u00e9xico, Nuevo Le\u00f3n, Puebla, Guerrero y Tabasco.<\/p>\n\n\n\n<p>En la quincena del 14 al 27 de septiembre, las entidades que estaban en amarillo eran Sonora, Chihuahua, Tamaulipas, Quintana Roo, Morelos, Campeche, Chiapas y Tlaxcala; el resto estuvo en naranja.<\/p>\n\n\n\n<p id=\"m167-166-168\">Por separado, la Secretar\u00eda de Salud (Ssa) inform\u00f3 que a casi siete meses de que inici\u00f3 la epidemia por Covid-19, 75 mil 439 personas han perdido la vida por Covid-19, un aumento de 490 defunciones respecto al d\u00eda anterior. Adem\u00e1s, suman 715 mil 457 casos acumulados, cinco mil 408 m\u00e1s que la v\u00edspera.<\/p>\n\n\n\n<p id=\"m172-171-173\">En conferencia, el subsecretario Hugo L\u00f3pez-Gatell, destac\u00f3 que por primera vez ninguna entidad rebas\u00f3 una ocupaci\u00f3n hospitalaria mayor a 50 por ciento. De acuerdo con la Red de Infecci\u00f3n Respiratoria Aguda Grave (IRAG), que monitorea la ocupaci\u00f3n de camas a nivel nacional, hay 72 por ciento de disponibilidad de camas en el pa\u00eds.<\/p>\n<div class='share-to-whatsapp-wrapper'><div class='share-on-whsp'>Share on: <\/div><a data-text='Campeche seria el primer estado en pasar a sem\u00e1foro verde' data-link='https:\/\/visionpeninsular.com\/mid\/campeche-seria-el-primer-estado-en-pasar-a-semaforo-verde\/' class='whatsapp-button whatsapp-share'>WhatsApp<\/a><div class='clear '><\/div><\/div>","protected":false},"excerpt":{"rendered":"<p>A casi cuatro meses de haberse implementado el sem\u00e1foro epidemiol\u00f3gico de riesgo Covid-19, se perfila que Campeche sea la primera entidad que transite a color verde, lo que implicar\u00e1 principalmente el regreso a las actividades educativas, tras reducirse los contagios y hospitalizaciones, revelaron a La Raz\u00f3n fuentes del gobierno estatal. Adem\u00e1s, Sinaloa saldr\u00eda de la &hellip;<\/p>\n","protected":false},"author":1,"featured_media":134620,"comment_status":"open","ping_status":"open","sticky":false,"template":"","format":"standard","meta":{"_mi_skip_tracking":false},"categories":[38,45],"tags":[186],"_links":{"self":[{"href":"https:\/\/visionpeninsular.com\/mid\/wp-json\/wp\/v2\/posts\/134619"}],"collection":[{"href":"https:\/\/visionpeninsular.com\/mid\/wp-json\/wp\/v2\/posts"}],"about":[{"href":"https:\/\/visionpeninsular.com\/mid\/wp-json\/wp\/v2\/types\/post"}],"author":[{"embeddable":true,"href":"https:\/\/visionpeninsular.com\/mid\/wp-json\/wp\/v2\/users\/1"}],"replies":[{"embeddable":true,"href":"https:\/\/visionpeninsular.com\/mid\/wp-json\/wp\/v2\/comments?post=134619"}],"version-history":[{"count":1,"href":"https:\/\/visionpeninsular.com\/mid\/wp-json\/wp\/v2\/posts\/134619\/revisions"}],"predecessor-version":[{"id":134621,"href":"https:\/\/visionpeninsular.com\/mid\/wp-json\/wp\/v2\/posts\/134619\/revisions\/134621"}],"wp:featuredmedia":[{"embeddable":true,"href":"https:\/\/visionpeninsular.com\/mid\/wp-json\/wp\/v2\/media\/134620"}],"wp:attachment":[{"href":"https:\/\/visionpeninsular.com\/mid\/wp-json\/wp\/v2\/media?parent=134619"}],"wp:term":[{"taxonomy":"category","embeddable":true,"href":"https:\/\/visionpeninsular.com\/mid\/wp-json\/wp\/v2\/categories?post=134619"},{"taxonomy":"post_tag","embeddable":true,"href":"https:\/\/visionpeninsular.com\/mid\/wp-json\/wp\/v2\/tags?post=134619"}],"curies":[{"name":"wp","href":"https:\/\/api.w.org\/{rel}","templated":true}]}}