{"id":134546,"date":"2020-09-23T11:35:18","date_gmt":"2020-09-23T16:35:18","guid":{"rendered":"http:\/\/visionpeninsular.com\/mid\/?p=134546"},"modified":"2020-09-23T11:35:23","modified_gmt":"2020-09-23T16:35:23","slug":"sentencia-de-20-anos-de-carcel-a-violador-de-una-menor","status":"publish","type":"post","link":"https:\/\/visionpeninsular.com\/mid\/sentencia-de-20-anos-de-carcel-a-violador-de-una-menor\/","title":{"rendered":"Sentencia de 20 a\u00f1os de c\u00e1rcel  a violador de una menor"},"content":{"rendered":"\n<p>La Fiscal\u00eda general del Estado (FGE), &nbsp;present\u00f3 datos de prueba que tras ser valorados,&nbsp; y al contar con la anuencia de las partes involucradas, M.A.C.V. fue encontrado penalmente responsable de los delitos de abuso sexual y violaci\u00f3n equiparada, en agravio de una menor de edad e identidad reservada, por lo que en la audiencia de procedimiento abreviado se le sentenci\u00f3 a una pena de 20 a\u00f1os de prisi\u00f3n y 500 d\u00edas de multa.<\/p>\n\n\n\n<p>Los hechos, reunidos en la causa penal 200\/2018, ocurrieron en el mes de septiembre del a\u00f1o 2018, cuando el sentenciado se encontraba en el interior de un autom\u00f3vil habilitado como taxi, acompa\u00f1ado de una menor y tras la indagatoria, se estableci\u00f3 que ejecut\u00f3 actos lascivos en agravio de la v\u00edctima, por lo que se present\u00f3 la formal denuncia que deriv\u00f3 en el presente fallo.<\/p>\n\n\n\n<p>Durante la audiencia realizada en el Centro de Justicia Oral de M\u00e9rida, una vez que se cont\u00f3 con la autorizaci\u00f3n de las partes, la Juez Segunda de Control dict\u00f3 el fallo condenatorio y se estableci\u00f3, que adem\u00e1s de las penas se\u00f1aladas, el condenado deber\u00e1 pagar la reparaci\u00f3n del da\u00f1o de manera abstracta, tendr\u00e1 prohibido acercarse a la v\u00edctima y su domicilio tres a\u00f1os despu\u00e9s de compurgar su pena en prisi\u00f3n, as\u00ed como tambi\u00e9n deber\u00e1n suspenderse sus derechos pol\u00edticos y recibir\u00e1 amonestaci\u00f3n p\u00fablica.<\/p>\n\n\n\n<p>Por \u00faltimo, antes de concluir la audiencia, se cit\u00f3 a las partes para el pr\u00f3ximo 24 de septiembre para realizar la lectura y explicaci\u00f3n de las penas.<\/p>\n<div class='share-to-whatsapp-wrapper'><div class='share-on-whsp'>Share on: <\/div><a data-text='Sentencia de 20 a\u00f1os de c\u00e1rcel  a violador de una menor' data-link='https:\/\/visionpeninsular.com\/mid\/sentencia-de-20-anos-de-carcel-a-violador-de-una-menor\/' class='whatsapp-button whatsapp-share'>WhatsApp<\/a><div class='clear '><\/div><\/div>","protected":false},"excerpt":{"rendered":"<p>La Fiscal\u00eda general del Estado (FGE), &nbsp;present\u00f3 datos de prueba que tras ser valorados,&nbsp; y al contar con la anuencia de las partes involucradas, M.A.C.V. fue encontrado penalmente responsable de los delitos de abuso sexual y violaci\u00f3n equiparada, en agravio de una menor de edad e identidad reservada, por lo que en la audiencia de &hellip;<\/p>\n","protected":false},"author":5,"featured_media":134547,"comment_status":"open","ping_status":"open","sticky":false,"template":"","format":"standard","meta":{"_mi_skip_tracking":false},"categories":[50,37],"tags":[23907],"_links":{"self":[{"href":"https:\/\/visionpeninsular.com\/mid\/wp-json\/wp\/v2\/posts\/134546"}],"collection":[{"href":"https:\/\/visionpeninsular.com\/mid\/wp-json\/wp\/v2\/posts"}],"about":[{"href":"https:\/\/visionpeninsular.com\/mid\/wp-json\/wp\/v2\/types\/post"}],"author":[{"embeddable":true,"href":"https:\/\/visionpeninsular.com\/mid\/wp-json\/wp\/v2\/users\/5"}],"replies":[{"embeddable":true,"href":"https:\/\/visionpeninsular.com\/mid\/wp-json\/wp\/v2\/comments?post=134546"}],"version-history":[{"count":1,"href":"https:\/\/visionpeninsular.com\/mid\/wp-json\/wp\/v2\/posts\/134546\/revisions"}],"predecessor-version":[{"id":134548,"href":"https:\/\/visionpeninsular.com\/mid\/wp-json\/wp\/v2\/posts\/134546\/revisions\/134548"}],"wp:featuredmedia":[{"embeddable":true,"href":"https:\/\/visionpeninsular.com\/mid\/wp-json\/wp\/v2\/media\/134547"}],"wp:attachment":[{"href":"https:\/\/visionpeninsular.com\/mid\/wp-json\/wp\/v2\/media?parent=134546"}],"wp:term":[{"taxonomy":"category","embeddable":true,"href":"https:\/\/visionpeninsular.com\/mid\/wp-json\/wp\/v2\/categories?post=134546"},{"taxonomy":"post_tag","embeddable":true,"href":"https:\/\/visionpeninsular.com\/mid\/wp-json\/wp\/v2\/tags?post=134546"}],"curies":[{"name":"wp","href":"https:\/\/api.w.org\/{rel}","templated":true}]}}