{"id":134355,"date":"2020-09-17T15:02:28","date_gmt":"2020-09-17T20:02:28","guid":{"rendered":"http:\/\/visionpeninsular.com\/mid\/?p=134355"},"modified":"2020-09-17T15:02:33","modified_gmt":"2020-09-17T20:02:33","slug":"nuevo-horario-de-restriccion-a-la-movilidad-nocturna-por-covid-19","status":"publish","type":"post","link":"https:\/\/visionpeninsular.com\/mid\/nuevo-horario-de-restriccion-a-la-movilidad-nocturna-por-covid-19\/","title":{"rendered":"NUEVO HORARIO DE RESTRICCI\u00d3N A LA MOVILIDAD NOCTURNA POR COVID-19"},"content":{"rendered":"\n<p>A partir del &nbsp;17 de septiembre la restricci\u00f3n a la movilidad nocturna, para evitar contagios de Covid-19, ser\u00e1 a partir de las 11:30 de la noche hasta las 5 de la ma\u00f1ana, es decir, una hora m\u00e1s que hasta hoy.<\/p>\n\n\n\n<p>Se public\u00f3 en el Diario Oficial del Estado la modificaci\u00f3n al decreto del 16 de julio, por el cual se estableci\u00f3 la restricci\u00f3n a la movilidad nocturna a partir de las 10:30 de la noche hasta las 5 de la ma\u00f1ana en M\u00e9rida, y de 9:30 de la noche hasta las 5 de la ma\u00f1ana en las zonas costeras.<\/p>\n\n\n\n<p>De acuerdo con este cambio, a partir de hoy jueves, el horario ser\u00e1 general para todo el estado, es decir, de 11:30 de la noche a 5 de la ma\u00f1ana.<\/p>\n\n\n\n<p>Se establecieron dos horarios &nbsp;diferentes porque en las zonas costeras hab\u00eda gente en predios veraniegos, y ah\u00ed la restricci\u00f3n era mayor para evitar que estos vacacionistas hicieran reuniones sociales.<\/p>\n\n\n\n<p>El decreto solo establece cambio de horario, pero no menciona vigencia de este nuevo horario de restricci\u00f3n a la movilidad nocturna, por lo que se prev\u00e9 que ser\u00e1 por tiempo indefinido, hasta que se dicten nuevas medidas sanitarias.<\/p>\n<div class='share-to-whatsapp-wrapper'><div class='share-on-whsp'>Share on: <\/div><a data-text='NUEVO HORARIO DE RESTRICCI\u00d3N A LA MOVILIDAD NOCTURNA POR COVID-19' data-link='https:\/\/visionpeninsular.com\/mid\/nuevo-horario-de-restriccion-a-la-movilidad-nocturna-por-covid-19\/' class='whatsapp-button whatsapp-share'>WhatsApp<\/a><div class='clear '><\/div><\/div>","protected":false},"excerpt":{"rendered":"<p>A partir del &nbsp;17 de septiembre la restricci\u00f3n a la movilidad nocturna, para evitar contagios de Covid-19, ser\u00e1 a partir de las 11:30 de la noche hasta las 5 de la ma\u00f1ana, es decir, una hora m\u00e1s que hasta hoy. Se public\u00f3 en el Diario Oficial del Estado la modificaci\u00f3n al decreto del 16 de &hellip;<\/p>\n","protected":false},"author":5,"featured_media":134356,"comment_status":"open","ping_status":"open","sticky":false,"template":"","format":"standard","meta":{"_mi_skip_tracking":false},"categories":[50,37],"tags":[23845,23846,23847],"_links":{"self":[{"href":"https:\/\/visionpeninsular.com\/mid\/wp-json\/wp\/v2\/posts\/134355"}],"collection":[{"href":"https:\/\/visionpeninsular.com\/mid\/wp-json\/wp\/v2\/posts"}],"about":[{"href":"https:\/\/visionpeninsular.com\/mid\/wp-json\/wp\/v2\/types\/post"}],"author":[{"embeddable":true,"href":"https:\/\/visionpeninsular.com\/mid\/wp-json\/wp\/v2\/users\/5"}],"replies":[{"embeddable":true,"href":"https:\/\/visionpeninsular.com\/mid\/wp-json\/wp\/v2\/comments?post=134355"}],"version-history":[{"count":1,"href":"https:\/\/visionpeninsular.com\/mid\/wp-json\/wp\/v2\/posts\/134355\/revisions"}],"predecessor-version":[{"id":134357,"href":"https:\/\/visionpeninsular.com\/mid\/wp-json\/wp\/v2\/posts\/134355\/revisions\/134357"}],"wp:featuredmedia":[{"embeddable":true,"href":"https:\/\/visionpeninsular.com\/mid\/wp-json\/wp\/v2\/media\/134356"}],"wp:attachment":[{"href":"https:\/\/visionpeninsular.com\/mid\/wp-json\/wp\/v2\/media?parent=134355"}],"wp:term":[{"taxonomy":"category","embeddable":true,"href":"https:\/\/visionpeninsular.com\/mid\/wp-json\/wp\/v2\/categories?post=134355"},{"taxonomy":"post_tag","embeddable":true,"href":"https:\/\/visionpeninsular.com\/mid\/wp-json\/wp\/v2\/tags?post=134355"}],"curies":[{"name":"wp","href":"https:\/\/api.w.org\/{rel}","templated":true}]}}