{"id":13432,"date":"2016-09-28T09:24:15","date_gmt":"2016-09-28T14:24:15","guid":{"rendered":"http:\/\/visionpeninsular.com\/mid\/?p=13432"},"modified":"2016-09-28T09:24:15","modified_gmt":"2016-09-28T14:24:15","slug":"legisladores-locales-suman-esfuerzos-pedir-reduccion-del-iva","status":"publish","type":"post","link":"https:\/\/visionpeninsular.com\/mid\/legisladores-locales-suman-esfuerzos-pedir-reduccion-del-iva\/","title":{"rendered":"Legisladores locales suman esfuerzos para pedir reducci\u00f3n del IVA"},"content":{"rendered":"<p>Los diputados del Congreso de Quintana Roo, votaron de manera un\u00e1nime el env\u00edo de un exhorto que busca contribuir a la mejora de la econom\u00eda familiar de los quintanarroenses.<\/p>\n<p>Los diputados de los grupos parlamentarios del PRD, MORENA, PRI, PVEM, PANAL y PES de la Decimoquinta Legislatura, se sumaron de manera un\u00e1nime al punto de acuerdo presentado por el grupo parlamentario del Partido Acci\u00f3n Nacional (PAN), para exhortar al Congreso de la Uni\u00f3n, a reducir el Impuesto al Valor Agregado (IVA) del 16 al 11 por ciento en Quintana Roo y entidades ubicadas en las franjas fronterizas del pa\u00eds.<\/p>\n<p>La coordinadora del grupo parlamentario del PAN, diputada Mayuli Mart\u00ednez Sim\u00f3n, presidenta de la Comisi\u00f3n de Participaci\u00f3n Ciudadana y \u00d3rganos Aut\u00f3nomos de la Decimoquinta Legislatura, expres\u00f3 en tribuna que es doblemente urgente revertir una reforma fiscal que ha despojado a las regiones y franjas fronterizas de un trato fiscal diferenciado.<\/p>\n<p>\u201cA tres a\u00f1os de distancia, tenemos esencialmente la misma infraestructura y los mismos servicios de salud, con la salvedad que nos encontramos m\u00e1s endeudados y con la amenaza de un recorte en las participaciones federales\u201d, agreg\u00f3.<\/p>\n<p>La propuesta inicial fue firmada por los diputados del Partido Acci\u00f3n Nacional, Eduardo Lorenzo Mart\u00ednez Arcila, presidente de la Gran Comisi\u00f3n; Mayuli Latifa Mart\u00ednez Sim\u00f3n, coordinadora del Grupo Parlamentario del Partido Acci\u00f3n Nacional; Gabriela Angulo Sauri, Fernando Levin Zelaya Espinoza, Eugenia Guadalupe Sol\u00eds Salazar y Jes\u00fas Alberto Zetina Tejero, sin embargo se sumaron a \u00e9sta todos los diputados integrantes de la Decimoquinta Legislatura, luego un debate en tribuna.<\/p>\n<p>Los trabajos de la sesi\u00f3n ordinaria n\u00famero 9, fueron encabezados por el diputado Jos\u00e9 Esquivel Vargas, presidente de la Mesa Directiva del primer mes del actual periodo ordinario de sesiones.<\/p>\n<p>Adem\u00e1s se aprob\u00f3 el punto de acuerdo de obvia y urgente resoluci\u00f3n por el que se solicita a la titular de la Secretar\u00eda de Salud, Alejandra Aguirre Crespo, para que dentro de las pol\u00edticas p\u00fablicas que pretende desarrollar en beneficio de la salud, se d\u00e9 prioridad al combate de los casos de enfermedades como el Dengue, Chikungunya y Zika; presentado por el Diputado Fernando Lev\u00edn Zelaya Espinoza, integrante de la Comisi\u00f3n de Salud y Asistencia Social de la Decimoquinta Legislatura.<\/p>\n<p>En el marco del D\u00eda Mundial del Turismo, la diputada Gabriela Angulo Sauri, presidenta de la Comisi\u00f3n de Turismo y Asuntos Internacionales de la Decimoquinta Legislatura, present\u00f3 una punto de acuerdo mediante el cual se enviar\u00e1 un exhorto a la Secretar\u00eda de Turismo Estatal, para que promueva entre el sector privado la incorporaci\u00f3n de los principios del C\u00f3digo \u00c9tico Mundial para el Turismo, de la Organizaci\u00f3n Mundial del Turismo y de las Nacionales Unidas, en sus instrumentos contractuales y normas internas, y en su caso, suscriban el compromiso con dicho c\u00f3digo ante esa instancia internacional.<\/p>\n<p>En la misma sesi\u00f3n, se dio lectura a la iniciativa de decreto por el que se aprueban las tablas de valores unitarios de suelo y construcciones, que servir\u00e1n de base para el cobro del impuesto predial en el municipio de Puerto Morelos para el ejercicio fiscal 2017, presentada por el Concejo Municipal, misma que se turn\u00f3 a la Comisi\u00f3n de Hacienda, Presupuesto y Cuenta P\u00fablica.<\/p>\n<p>Entre los puntos del orden del d\u00eda, tambi\u00e9n se dio lectura al acta de la Sesi\u00f3n Solemne con motivo de la Toma de Protesta de Carlos Manuel Joaqu\u00edn Gonz\u00e1lez, como Gobernador Constitucional de Quintana Roo, celebrada el d\u00eda 25 de septiembre de 2016. <\/p>\n<p><strong>Fuente: Congreso de Quintana Roo<\/strong><\/p>\n<div class='share-to-whatsapp-wrapper'><div class='share-on-whsp'>Share on: <\/div><a data-text='Legisladores locales suman esfuerzos para pedir reducci\u00f3n del IVA' data-link='https:\/\/visionpeninsular.com\/mid\/legisladores-locales-suman-esfuerzos-pedir-reduccion-del-iva\/' class='whatsapp-button whatsapp-share'>WhatsApp<\/a><div class='clear '><\/div><\/div>","protected":false},"excerpt":{"rendered":"<p>Los diputados del Congreso de Quintana Roo, votaron de manera un\u00e1nime el env\u00edo de un exhorto que busca contribuir a la mejora de la econom\u00eda familiar de los quintanarroenses. Los diputados de los grupos parlamentarios del PRD, MORENA, PRI, PVEM, PANAL y PES de la Decimoquinta Legislatura, se sumaron de manera un\u00e1nime al punto de &hellip;<\/p>\n","protected":false},"author":1,"featured_media":13433,"comment_status":"open","ping_status":"open","sticky":false,"template":"","format":"standard","meta":{"_mi_skip_tracking":false},"categories":[47],"tags":[2581],"_links":{"self":[{"href":"https:\/\/visionpeninsular.com\/mid\/wp-json\/wp\/v2\/posts\/13432"}],"collection":[{"href":"https:\/\/visionpeninsular.com\/mid\/wp-json\/wp\/v2\/posts"}],"about":[{"href":"https:\/\/visionpeninsular.com\/mid\/wp-json\/wp\/v2\/types\/post"}],"author":[{"embeddable":true,"href":"https:\/\/visionpeninsular.com\/mid\/wp-json\/wp\/v2\/users\/1"}],"replies":[{"embeddable":true,"href":"https:\/\/visionpeninsular.com\/mid\/wp-json\/wp\/v2\/comments?post=13432"}],"version-history":[{"count":1,"href":"https:\/\/visionpeninsular.com\/mid\/wp-json\/wp\/v2\/posts\/13432\/revisions"}],"predecessor-version":[{"id":13434,"href":"https:\/\/visionpeninsular.com\/mid\/wp-json\/wp\/v2\/posts\/13432\/revisions\/13434"}],"wp:featuredmedia":[{"embeddable":true,"href":"https:\/\/visionpeninsular.com\/mid\/wp-json\/wp\/v2\/media\/13433"}],"wp:attachment":[{"href":"https:\/\/visionpeninsular.com\/mid\/wp-json\/wp\/v2\/media?parent=13432"}],"wp:term":[{"taxonomy":"category","embeddable":true,"href":"https:\/\/visionpeninsular.com\/mid\/wp-json\/wp\/v2\/categories?post=13432"},{"taxonomy":"post_tag","embeddable":true,"href":"https:\/\/visionpeninsular.com\/mid\/wp-json\/wp\/v2\/tags?post=13432"}],"curies":[{"name":"wp","href":"https:\/\/api.w.org\/{rel}","templated":true}]}}