{"id":134211,"date":"2020-09-15T12:49:45","date_gmt":"2020-09-15T17:49:45","guid":{"rendered":"http:\/\/visionpeninsular.com\/mid\/?p=134211"},"modified":"2020-09-15T12:49:54","modified_gmt":"2020-09-15T17:49:54","slug":"respuesta-positiva-de-usuarios-del-transporte-publico-a-los-nuevos-paraderos-del-centro-historico","status":"publish","type":"post","link":"https:\/\/visionpeninsular.com\/mid\/respuesta-positiva-de-usuarios-del-transporte-publico-a-los-nuevos-paraderos-del-centro-historico\/","title":{"rendered":"Respuesta positiva de usuarios del transporte p\u00fablico a los nuevos paraderos del Centro Hist\u00f3rico"},"content":{"rendered":"\n<p><em>Usuarios del transporte p\u00fablico contin\u00faan respondiendo de manera positiva a las nuevas zonas de ascenso y descenso en el Centro Hist\u00f3rico<\/em><\/p>\n\n\n\n<p>M\u00e9rida, Yucat\u00e1n, 15 de septiembre de 2020.- En el tercer d\u00eda de operaci\u00f3n de las nuevas zonas de ascenso y descenso del transporte p\u00fablico y otras modificaciones a la movilidad en el Centro Hist\u00f3rico de M\u00e9rida, los usuarios contin\u00faan respondiendo de manera positiva a estas disposiciones contempladas dentro del Plan de Mejora a la Movilidad Urbana, cuyo prop\u00f3sito es proteger la salud de todos los yucatecos mediante espacios m\u00e1s amplios, ordenados y con menos amontonamiento de gente, as\u00ed como un flujo \u00e1gil y din\u00e1mico de los peatones, usuarios del transporte p\u00fablico, comerciantes, prestadores de servicios, compradores y visitantes.&nbsp;<\/p>\n\n\n\n<figure class=\"wp-block-image size-large\"><img loading=\"lazy\" width=\"1024\" height=\"682\" src=\"http:\/\/visionpeninsular.com\/mid\/wp-content\/uploads\/2020\/09\/WhatsApp-Image-2020-09-15-at-12.34.47-PM-1-1024x682.jpeg\" alt=\"\" class=\"wp-image-134213\" srcset=\"https:\/\/visionpeninsular.com\/mid\/wp-content\/uploads\/2020\/09\/WhatsApp-Image-2020-09-15-at-12.34.47-PM-1-1024x682.jpeg 1024w, https:\/\/visionpeninsular.com\/mid\/wp-content\/uploads\/2020\/09\/WhatsApp-Image-2020-09-15-at-12.34.47-PM-1-300x200.jpeg 300w, https:\/\/visionpeninsular.com\/mid\/wp-content\/uploads\/2020\/09\/WhatsApp-Image-2020-09-15-at-12.34.47-PM-1-768x511.jpeg 768w, https:\/\/visionpeninsular.com\/mid\/wp-content\/uploads\/2020\/09\/WhatsApp-Image-2020-09-15-at-12.34.47-PM-1-310x205.jpeg 310w, https:\/\/visionpeninsular.com\/mid\/wp-content\/uploads\/2020\/09\/WhatsApp-Image-2020-09-15-at-12.34.47-PM-1.jpeg 1280w\" sizes=\"(max-width: 1024px) 100vw, 1024px\" \/><\/figure>\n\n\n\n<figure class=\"wp-block-image size-large\"><img loading=\"lazy\" width=\"1024\" height=\"682\" src=\"http:\/\/visionpeninsular.com\/mid\/wp-content\/uploads\/2020\/09\/WhatsApp-Image-2020-09-15-at-12.34.51-PM-1024x682.jpeg\" alt=\"\" class=\"wp-image-134214\" srcset=\"https:\/\/visionpeninsular.com\/mid\/wp-content\/uploads\/2020\/09\/WhatsApp-Image-2020-09-15-at-12.34.51-PM-1024x682.jpeg 1024w, https:\/\/visionpeninsular.com\/mid\/wp-content\/uploads\/2020\/09\/WhatsApp-Image-2020-09-15-at-12.34.51-PM-300x200.jpeg 300w, https:\/\/visionpeninsular.com\/mid\/wp-content\/uploads\/2020\/09\/WhatsApp-Image-2020-09-15-at-12.34.51-PM-768x511.jpeg 768w, https:\/\/visionpeninsular.com\/mid\/wp-content\/uploads\/2020\/09\/WhatsApp-Image-2020-09-15-at-12.34.51-PM-310x205.jpeg 310w, https:\/\/visionpeninsular.com\/mid\/wp-content\/uploads\/2020\/09\/WhatsApp-Image-2020-09-15-at-12.34.51-PM.jpeg 1280w\" sizes=\"(max-width: 1024px) 100vw, 1024px\" \/><\/figure>\n\n\n\n<p>Con la ayuda y orientaci\u00f3n de trabajadores del Gobierno estatal identificados con chalecos verdes, los usuarios del transporte p\u00fablico pueden ubicar de manera eficiente las nuevas zonas de ascenso y descenso de camiones para llegar a sus destinos. El p\u00fablico usuario de camiones cuenta tambi\u00e9n con apoyo de los inspectores de transporte pertenecientes al Instituto de Movilidad y Desarrollo Urbano Territorial (IMDUT) para obtener informaci\u00f3n y agilizar el traslado hasta sus destinos finales.<\/p>\n\n\n\n<figure class=\"wp-block-image size-large\"><img loading=\"lazy\" width=\"1024\" height=\"682\" src=\"http:\/\/visionpeninsular.com\/mid\/wp-content\/uploads\/2020\/09\/WhatsApp-Image-2020-09-15-at-12.34.51-PM-1-1024x682.jpeg\" alt=\"\" class=\"wp-image-134215\" srcset=\"https:\/\/visionpeninsular.com\/mid\/wp-content\/uploads\/2020\/09\/WhatsApp-Image-2020-09-15-at-12.34.51-PM-1-1024x682.jpeg 1024w, https:\/\/visionpeninsular.com\/mid\/wp-content\/uploads\/2020\/09\/WhatsApp-Image-2020-09-15-at-12.34.51-PM-1-300x200.jpeg 300w, https:\/\/visionpeninsular.com\/mid\/wp-content\/uploads\/2020\/09\/WhatsApp-Image-2020-09-15-at-12.34.51-PM-1-768x511.jpeg 768w, https:\/\/visionpeninsular.com\/mid\/wp-content\/uploads\/2020\/09\/WhatsApp-Image-2020-09-15-at-12.34.51-PM-1-310x205.jpeg 310w, https:\/\/visionpeninsular.com\/mid\/wp-content\/uploads\/2020\/09\/WhatsApp-Image-2020-09-15-at-12.34.51-PM-1.jpeg 1280w\" sizes=\"(max-width: 1024px) 100vw, 1024px\" \/><\/figure>\n\n\n\n<figure class=\"wp-block-image size-large\"><img loading=\"lazy\" width=\"1024\" height=\"682\" src=\"http:\/\/visionpeninsular.com\/mid\/wp-content\/uploads\/2020\/09\/WhatsApp-Image-2020-09-15-at-12.34.52-PM-1024x682.jpeg\" alt=\"\" class=\"wp-image-134216\" srcset=\"https:\/\/visionpeninsular.com\/mid\/wp-content\/uploads\/2020\/09\/WhatsApp-Image-2020-09-15-at-12.34.52-PM-1024x682.jpeg 1024w, https:\/\/visionpeninsular.com\/mid\/wp-content\/uploads\/2020\/09\/WhatsApp-Image-2020-09-15-at-12.34.52-PM-300x200.jpeg 300w, https:\/\/visionpeninsular.com\/mid\/wp-content\/uploads\/2020\/09\/WhatsApp-Image-2020-09-15-at-12.34.52-PM-768x511.jpeg 768w, https:\/\/visionpeninsular.com\/mid\/wp-content\/uploads\/2020\/09\/WhatsApp-Image-2020-09-15-at-12.34.52-PM-310x205.jpeg 310w, https:\/\/visionpeninsular.com\/mid\/wp-content\/uploads\/2020\/09\/WhatsApp-Image-2020-09-15-at-12.34.52-PM.jpeg 1280w\" sizes=\"(max-width: 1024px) 100vw, 1024px\" \/><\/figure>\n\n\n\n<p>De igual forma, en coordinaci\u00f3n con el Ayuntamiento de M\u00e9rida, se puso a disposici\u00f3n de personas con discapacidad, mujeres embarazadas y adultos mayores el servicio especial de transporte del Centro Hist\u00f3rico para que puedan ser trasladados a las nuevas zonas de ascenso y descenso de forma segura y r\u00e1pida.<\/p>\n\n\n\n<figure class=\"wp-block-image size-large\"><img loading=\"lazy\" width=\"1024\" height=\"682\" src=\"http:\/\/visionpeninsular.com\/mid\/wp-content\/uploads\/2020\/09\/WhatsApp-Image-2020-09-15-at-12.34.52-PM-1-1024x682.jpeg\" alt=\"\" class=\"wp-image-134217\" srcset=\"https:\/\/visionpeninsular.com\/mid\/wp-content\/uploads\/2020\/09\/WhatsApp-Image-2020-09-15-at-12.34.52-PM-1-1024x682.jpeg 1024w, https:\/\/visionpeninsular.com\/mid\/wp-content\/uploads\/2020\/09\/WhatsApp-Image-2020-09-15-at-12.34.52-PM-1-300x200.jpeg 300w, https:\/\/visionpeninsular.com\/mid\/wp-content\/uploads\/2020\/09\/WhatsApp-Image-2020-09-15-at-12.34.52-PM-1-768x511.jpeg 768w, https:\/\/visionpeninsular.com\/mid\/wp-content\/uploads\/2020\/09\/WhatsApp-Image-2020-09-15-at-12.34.52-PM-1-310x205.jpeg 310w, https:\/\/visionpeninsular.com\/mid\/wp-content\/uploads\/2020\/09\/WhatsApp-Image-2020-09-15-at-12.34.52-PM-1.jpeg 1280w\" sizes=\"(max-width: 1024px) 100vw, 1024px\" \/><\/figure>\n<div class='share-to-whatsapp-wrapper'><div class='share-on-whsp'>Share on: <\/div><a data-text='Respuesta positiva de usuarios del transporte p\u00fablico a los nuevos paraderos del Centro Hist\u00f3rico' data-link='https:\/\/visionpeninsular.com\/mid\/respuesta-positiva-de-usuarios-del-transporte-publico-a-los-nuevos-paraderos-del-centro-historico\/' class='whatsapp-button whatsapp-share'>WhatsApp<\/a><div class='clear '><\/div><\/div>","protected":false},"excerpt":{"rendered":"<p>Usuarios del transporte p\u00fablico contin\u00faan respondiendo de manera positiva a las nuevas zonas de ascenso y descenso en el Centro Hist\u00f3rico M\u00e9rida, Yucat\u00e1n, 15 de septiembre de 2020.- En el tercer d\u00eda de operaci\u00f3n de las nuevas zonas de ascenso y descenso del transporte p\u00fablico y otras modificaciones a la movilidad en el Centro Hist\u00f3rico &hellip;<\/p>\n","protected":false},"author":5,"featured_media":134212,"comment_status":"open","ping_status":"open","sticky":false,"template":"","format":"standard","meta":{"_mi_skip_tracking":false},"categories":[49,37],"tags":[23797,185,14672],"_links":{"self":[{"href":"https:\/\/visionpeninsular.com\/mid\/wp-json\/wp\/v2\/posts\/134211"}],"collection":[{"href":"https:\/\/visionpeninsular.com\/mid\/wp-json\/wp\/v2\/posts"}],"about":[{"href":"https:\/\/visionpeninsular.com\/mid\/wp-json\/wp\/v2\/types\/post"}],"author":[{"embeddable":true,"href":"https:\/\/visionpeninsular.com\/mid\/wp-json\/wp\/v2\/users\/5"}],"replies":[{"embeddable":true,"href":"https:\/\/visionpeninsular.com\/mid\/wp-json\/wp\/v2\/comments?post=134211"}],"version-history":[{"count":1,"href":"https:\/\/visionpeninsular.com\/mid\/wp-json\/wp\/v2\/posts\/134211\/revisions"}],"predecessor-version":[{"id":134218,"href":"https:\/\/visionpeninsular.com\/mid\/wp-json\/wp\/v2\/posts\/134211\/revisions\/134218"}],"wp:featuredmedia":[{"embeddable":true,"href":"https:\/\/visionpeninsular.com\/mid\/wp-json\/wp\/v2\/media\/134212"}],"wp:attachment":[{"href":"https:\/\/visionpeninsular.com\/mid\/wp-json\/wp\/v2\/media?parent=134211"}],"wp:term":[{"taxonomy":"category","embeddable":true,"href":"https:\/\/visionpeninsular.com\/mid\/wp-json\/wp\/v2\/categories?post=134211"},{"taxonomy":"post_tag","embeddable":true,"href":"https:\/\/visionpeninsular.com\/mid\/wp-json\/wp\/v2\/tags?post=134211"}],"curies":[{"name":"wp","href":"https:\/\/api.w.org\/{rel}","templated":true}]}}