{"id":134038,"date":"2020-09-12T13:43:28","date_gmt":"2020-09-12T18:43:28","guid":{"rendered":"http:\/\/visionpeninsular.com\/mid\/?p=134038"},"modified":"2020-09-12T14:05:03","modified_gmt":"2020-09-12T19:05:03","slug":"dan-el-alta-medico-a-mujer-victima-de-tentativa-de-feminicidio-agravado","status":"publish","type":"post","link":"https:\/\/visionpeninsular.com\/mid\/dan-el-alta-medico-a-mujer-victima-de-tentativa-de-feminicidio-agravado\/","title":{"rendered":"Dan el alta m\u00e9dico a mujer v\u00edctima de tentativa de feminicidio agravado"},"content":{"rendered":"\n<p>Despu\u00e9s de permanecer varios d\u00edas internada en el Hospital General \u201cAgust\u00edn O\u2019Hor\u00e1n\u201d, por las graves lesiones causadas con un machete por su esposo, en un claro intento de feminicidio, la se\u00f1ora Mireya del Carmen Montero V\u00e1zquez&nbsp; &nbsp;ha recibido el alta m\u00e9dico, despu\u00e9s de ser sometida a varios estudios incluida una tomograf\u00eda para valorar su estado de salud, despu\u00e9s de estar al borde de la muerte por la gravedad de las lesiones.<\/p>\n\n\n\n<p>Con la colaboraci\u00f3n y &nbsp;apoyo de Asociaciones Civiles &nbsp;que trabajan a favor de las v\u00edctimas de violencia, &nbsp;la se\u00f1ora ha sido atendida y ya se encuentra en su domicilio.<\/p>\n\n\n\n<p>El martes 8, alrededor de las 7 de la ma\u00f1ana, Herrera Alcal\u00e1, alias \u201cMont\u00f3n\u201d ex panadero adicto al alcohol y drogas ilegales, lesion\u00f3 con un machete a su esposa en la cabeza y un brazo cuando ambos discut\u00edan en su casa, en la calle 27 entre 34 y 32 del centro de esta ciudad.<\/p>\n\n\n\n<p>&nbsp;El agresor, D\u00eddier Benjam\u00edn Herrera Alcal\u00e1 fue declarado legalmente detenido por feminicidio agravado en grado de tentativa, de ser hallado culpable, se le puede imponer de 13.3 a 40 a\u00f1os de prisi\u00f3n; se encuentra en prisi\u00f3n preventiva por todo el tiempo que dure el proceso.<\/p>\n<div class='share-to-whatsapp-wrapper'><div class='share-on-whsp'>Share on: <\/div><a data-text='Dan el alta m\u00e9dico a mujer v\u00edctima de tentativa de feminicidio agravado' data-link='https:\/\/visionpeninsular.com\/mid\/dan-el-alta-medico-a-mujer-victima-de-tentativa-de-feminicidio-agravado\/' class='whatsapp-button whatsapp-share'>WhatsApp<\/a><div class='clear '><\/div><\/div>","protected":false},"excerpt":{"rendered":"<p>Despu\u00e9s de permanecer varios d\u00edas internada en el Hospital General \u201cAgust\u00edn O\u2019Hor\u00e1n\u201d, por las graves lesiones causadas con un machete por su esposo, en un claro intento de feminicidio, la se\u00f1ora Mireya del Carmen Montero V\u00e1zquez&nbsp; &nbsp;ha recibido el alta m\u00e9dico, despu\u00e9s de ser sometida a varios estudios incluida una tomograf\u00eda para valorar su estado &hellip;<\/p>\n","protected":false},"author":5,"featured_media":134039,"comment_status":"open","ping_status":"open","sticky":false,"template":"","format":"standard","meta":{"_mi_skip_tracking":false},"categories":[50,37],"tags":[],"_links":{"self":[{"href":"https:\/\/visionpeninsular.com\/mid\/wp-json\/wp\/v2\/posts\/134038"}],"collection":[{"href":"https:\/\/visionpeninsular.com\/mid\/wp-json\/wp\/v2\/posts"}],"about":[{"href":"https:\/\/visionpeninsular.com\/mid\/wp-json\/wp\/v2\/types\/post"}],"author":[{"embeddable":true,"href":"https:\/\/visionpeninsular.com\/mid\/wp-json\/wp\/v2\/users\/5"}],"replies":[{"embeddable":true,"href":"https:\/\/visionpeninsular.com\/mid\/wp-json\/wp\/v2\/comments?post=134038"}],"version-history":[{"count":2,"href":"https:\/\/visionpeninsular.com\/mid\/wp-json\/wp\/v2\/posts\/134038\/revisions"}],"predecessor-version":[{"id":134042,"href":"https:\/\/visionpeninsular.com\/mid\/wp-json\/wp\/v2\/posts\/134038\/revisions\/134042"}],"wp:featuredmedia":[{"embeddable":true,"href":"https:\/\/visionpeninsular.com\/mid\/wp-json\/wp\/v2\/media\/134039"}],"wp:attachment":[{"href":"https:\/\/visionpeninsular.com\/mid\/wp-json\/wp\/v2\/media?parent=134038"}],"wp:term":[{"taxonomy":"category","embeddable":true,"href":"https:\/\/visionpeninsular.com\/mid\/wp-json\/wp\/v2\/categories?post=134038"},{"taxonomy":"post_tag","embeddable":true,"href":"https:\/\/visionpeninsular.com\/mid\/wp-json\/wp\/v2\/tags?post=134038"}],"curies":[{"name":"wp","href":"https:\/\/api.w.org\/{rel}","templated":true}]}}