{"id":13400,"date":"2016-09-28T06:41:49","date_gmt":"2016-09-28T11:41:49","guid":{"rendered":"http:\/\/visionpeninsular.com\/mid\/?p=13400"},"modified":"2016-09-28T06:41:49","modified_gmt":"2016-09-28T11:41:49","slug":"2mil-taxis-protestan-vs-uber","status":"publish","type":"post","link":"https:\/\/visionpeninsular.com\/mid\/2mil-taxis-protestan-vs-uber\/","title":{"rendered":"Dos mil taxistas protestaron contra Uber"},"content":{"rendered":"<p>Como prometieron los taxistas sindicalizadas de Campeche, este martes m\u00e1s de dos mil de ellos, pertenecientes en su mayor\u00eda al Frente \u00danico de Trabajadores del Volante (FUTV) se manifestaron contra las operaciones de Uber en la capital campechana, circulando sobre el malec\u00f3n de la ciudad, partiendo desde la Avenida Costera hacia el Monumento Justo Sierra, rodeando el monumento y regresando al punto de inicio. <\/p>\n<p>Si bien en algunos tramos se generaron congestionamientos viales, en la gran parte del tramo del recorrido la circulaci\u00f3n no fue afectada, pero la ciudadan\u00eda si resulto contrariada, pues los mismos usuarios del servicio se quejaron de tener que esperar por m\u00e1s de dos horas para abordar un taxi, y en los paraderos se era visible la cantidad de gente que esperaba por uno. <\/p>\n<p>La manifestaci\u00f3n dur\u00f3 poco m\u00e1s de dos horas y se realiz\u00f3 en de manera simult\u00e1nea, tambi\u00e9n en los Estados de Yucat\u00e1n, Quintana Roo, Chiapas, Tabasco y Veracruz esto como parte del acuerdo que tomaron l\u00edderes sindicales de los taxistas en la zona sur-sureste; en el caso de Campeche, as\u00ed como los taxis protestaron lo hicieron los n\u00fameros del servicio de radio taxi, pues se mantuvieron descolgados. <\/p>\n<p>Cabe se\u00f1alar que el IET mantiene sus operativos contra de Uber, donde se estima el aseguramiento de m\u00e1s de 56 unidades de la plataforma tecnol\u00f3gica. <\/p>\n<div class='share-to-whatsapp-wrapper'><div class='share-on-whsp'>Share on: <\/div><a data-text='Dos mil taxistas protestaron contra Uber' data-link='https:\/\/visionpeninsular.com\/mid\/2mil-taxis-protestan-vs-uber\/' class='whatsapp-button whatsapp-share'>WhatsApp<\/a><div class='clear '><\/div><\/div>","protected":false},"excerpt":{"rendered":"<p>Como prometieron los taxistas sindicalizadas de Campeche, este martes m\u00e1s de dos mil de ellos, pertenecientes en su mayor\u00eda al Frente \u00danico de Trabajadores del Volante (FUTV) se manifestaron contra las operaciones de Uber en la capital campechana, circulando sobre el malec\u00f3n de la ciudad, partiendo desde la Avenida Costera hacia el Monumento Justo Sierra, &hellip;<\/p>\n","protected":false},"author":1,"featured_media":13401,"comment_status":"open","ping_status":"open","sticky":false,"template":"","format":"standard","meta":{"_mi_skip_tracking":false},"categories":[45],"tags":[922,207],"_links":{"self":[{"href":"https:\/\/visionpeninsular.com\/mid\/wp-json\/wp\/v2\/posts\/13400"}],"collection":[{"href":"https:\/\/visionpeninsular.com\/mid\/wp-json\/wp\/v2\/posts"}],"about":[{"href":"https:\/\/visionpeninsular.com\/mid\/wp-json\/wp\/v2\/types\/post"}],"author":[{"embeddable":true,"href":"https:\/\/visionpeninsular.com\/mid\/wp-json\/wp\/v2\/users\/1"}],"replies":[{"embeddable":true,"href":"https:\/\/visionpeninsular.com\/mid\/wp-json\/wp\/v2\/comments?post=13400"}],"version-history":[{"count":1,"href":"https:\/\/visionpeninsular.com\/mid\/wp-json\/wp\/v2\/posts\/13400\/revisions"}],"predecessor-version":[{"id":13402,"href":"https:\/\/visionpeninsular.com\/mid\/wp-json\/wp\/v2\/posts\/13400\/revisions\/13402"}],"wp:featuredmedia":[{"embeddable":true,"href":"https:\/\/visionpeninsular.com\/mid\/wp-json\/wp\/v2\/media\/13401"}],"wp:attachment":[{"href":"https:\/\/visionpeninsular.com\/mid\/wp-json\/wp\/v2\/media?parent=13400"}],"wp:term":[{"taxonomy":"category","embeddable":true,"href":"https:\/\/visionpeninsular.com\/mid\/wp-json\/wp\/v2\/categories?post=13400"},{"taxonomy":"post_tag","embeddable":true,"href":"https:\/\/visionpeninsular.com\/mid\/wp-json\/wp\/v2\/tags?post=13400"}],"curies":[{"name":"wp","href":"https:\/\/api.w.org\/{rel}","templated":true}]}}