{"id":133979,"date":"2020-09-11T11:43:55","date_gmt":"2020-09-11T16:43:55","guid":{"rendered":"http:\/\/visionpeninsular.com\/mid\/?p=133979"},"modified":"2020-09-11T11:44:03","modified_gmt":"2020-09-11T16:44:03","slug":"reactivacion-economica-recupera-5-mil-empleos-del-ramo-constructor","status":"publish","type":"post","link":"https:\/\/visionpeninsular.com\/mid\/reactivacion-economica-recupera-5-mil-empleos-del-ramo-constructor\/","title":{"rendered":"Reactivaci\u00f3n econ\u00f3mica recupera 5 mil empleos del ramo constructor"},"content":{"rendered":"\n<p>De acuerdo con declaraciones del &nbsp;secretario de Fomento Econ\u00f3mico y Trabajo, Ernesto Herrera Novelo, &nbsp;agosto fue un mes de mejora laboral ya que se inscribieron 5 mil empleos del ramo de la construcci\u00f3n y mil 500 del sector comercial ante el Instituto Mexicano del Seguro Social (IMSS).<\/p>\n\n\n\n<p>\u201cSeptiembre deber\u00e1 compensar otro n\u00famero importante de empleos con la reactivaci\u00f3n de plazas comerciales y cines, ampliaci\u00f3n de horarios en comercios y servicios, pero falta mucho porque en cinco meses se perdieron cerca de 80 mil empleos en el estado\u201d record\u00f3.<\/p>\n\n\n\n<p>Se\u00f1al\u00f3 que para que el comercio se reactive,&nbsp; debe de haber empleo pues la poblaci\u00f3n, al recuperar el poder adquisitivo,&nbsp; se genera la derrama que requieren los diversos sectores productivos, lo que inyecta recursos a los negocios comerciales.<\/p>\n\n\n\n<p>\u201cEstamos trabajando en reactivar los sectores econ\u00f3micos y con ello recuperar empleos y generar la operatividad del sector comercial\u201d afirm\u00f3.<\/p>\n\n\n\n<p>Herrera Novelo inform\u00f3 que en breve se pondr\u00e1 en funcionamiento el centro de distribuci\u00f3n y log\u00edstica de la empresa Walmart en el municipio de Kanas\u00edn, donde se abrir\u00e1n unos 500 empleos y una inversi\u00f3n de 650 millones de pesos.<\/p>\n<div class='share-to-whatsapp-wrapper'><div class='share-on-whsp'>Share on: <\/div><a data-text='Reactivaci\u00f3n econ\u00f3mica recupera 5 mil empleos del ramo constructor' data-link='https:\/\/visionpeninsular.com\/mid\/reactivacion-economica-recupera-5-mil-empleos-del-ramo-constructor\/' class='whatsapp-button whatsapp-share'>WhatsApp<\/a><div class='clear '><\/div><\/div>","protected":false},"excerpt":{"rendered":"<p>De acuerdo con declaraciones del &nbsp;secretario de Fomento Econ\u00f3mico y Trabajo, Ernesto Herrera Novelo, &nbsp;agosto fue un mes de mejora laboral ya que se inscribieron 5 mil empleos del ramo de la construcci\u00f3n y mil 500 del sector comercial ante el Instituto Mexicano del Seguro Social (IMSS). \u201cSeptiembre deber\u00e1 compensar otro n\u00famero importante de empleos &hellip;<\/p>\n","protected":false},"author":5,"featured_media":133980,"comment_status":"open","ping_status":"open","sticky":false,"template":"","format":"standard","meta":{"_mi_skip_tracking":false},"categories":[50,37],"tags":[805,23720],"_links":{"self":[{"href":"https:\/\/visionpeninsular.com\/mid\/wp-json\/wp\/v2\/posts\/133979"}],"collection":[{"href":"https:\/\/visionpeninsular.com\/mid\/wp-json\/wp\/v2\/posts"}],"about":[{"href":"https:\/\/visionpeninsular.com\/mid\/wp-json\/wp\/v2\/types\/post"}],"author":[{"embeddable":true,"href":"https:\/\/visionpeninsular.com\/mid\/wp-json\/wp\/v2\/users\/5"}],"replies":[{"embeddable":true,"href":"https:\/\/visionpeninsular.com\/mid\/wp-json\/wp\/v2\/comments?post=133979"}],"version-history":[{"count":1,"href":"https:\/\/visionpeninsular.com\/mid\/wp-json\/wp\/v2\/posts\/133979\/revisions"}],"predecessor-version":[{"id":133981,"href":"https:\/\/visionpeninsular.com\/mid\/wp-json\/wp\/v2\/posts\/133979\/revisions\/133981"}],"wp:featuredmedia":[{"embeddable":true,"href":"https:\/\/visionpeninsular.com\/mid\/wp-json\/wp\/v2\/media\/133980"}],"wp:attachment":[{"href":"https:\/\/visionpeninsular.com\/mid\/wp-json\/wp\/v2\/media?parent=133979"}],"wp:term":[{"taxonomy":"category","embeddable":true,"href":"https:\/\/visionpeninsular.com\/mid\/wp-json\/wp\/v2\/categories?post=133979"},{"taxonomy":"post_tag","embeddable":true,"href":"https:\/\/visionpeninsular.com\/mid\/wp-json\/wp\/v2\/tags?post=133979"}],"curies":[{"name":"wp","href":"https:\/\/api.w.org\/{rel}","templated":true}]}}