{"id":13372,"date":"2016-09-27T10:07:45","date_gmt":"2016-09-27T15:07:45","guid":{"rendered":"http:\/\/visionpeninsular.com\/mid\/?p=13372"},"modified":"2016-09-27T10:07:45","modified_gmt":"2016-09-27T15:07:45","slug":"nuevo-incendio-azota-costas-yucatan-sisal","status":"publish","type":"post","link":"https:\/\/visionpeninsular.com\/mid\/nuevo-incendio-azota-costas-yucatan-sisal\/","title":{"rendered":"Nuevo incendio azota costas de Yucat\u00e1n &#8211; Sisal"},"content":{"rendered":"<p>(ACOM).- Por tercera ocasi\u00f3n en poco m\u00e1s de una semana, un nuevo incendio azota las costas de la pen\u00ednsula de Yucat\u00e1n.<\/p>\n<p>En esta ocasi\u00f3n, las llamas est\u00e1n muy cerca de alcanzar la Reserva Estatal \u201cEl Palmar\u201d, sitio de 49,605.39 hect\u00e1reas de superficie (y 9,442.11 hect\u00e1reas de franja marina), pues desde el mediod\u00eda de este lunes se report\u00f3 un incendio cerca de la zona donde se ubica una comercializadora de mariscos, a unos ocho kil\u00f3metros al oriente de Sisal.<\/p>\n<p>Seg\u00fan informaron autoridades forestales y navales, el siniestro se localiza en un sitio de dif\u00edcil acceso y avanza con bastante rapidez rumbo hacia el oeste, donde se ubica la Reserva Estatal \u201cEl Palmar\u201d.<\/p>\n<p>Al lugar han llegado elementos de la Secretar\u00eda de Marina (Semar), Ej\u00e9rcito Mexicano, Comisi\u00f3n Nacional Forestal (Conafor), al igual que bomberos de la Secretar\u00eda de Seguridad P\u00fablica (SSP) estatal.<\/p>\n<p>Trascendi\u00f3 que ser\u00e1 hasta este martes por la ma\u00f1ana que los brigadistas intentar\u00e1n nuevamente llegar al sitio del incendio.<\/p>\n<div class='share-to-whatsapp-wrapper'><div class='share-on-whsp'>Share on: <\/div><a data-text='Nuevo incendio azota costas de Yucat\u00e1n - Sisal' data-link='https:\/\/visionpeninsular.com\/mid\/nuevo-incendio-azota-costas-yucatan-sisal\/' class='whatsapp-button whatsapp-share'>WhatsApp<\/a><div class='clear '><\/div><\/div>","protected":false},"excerpt":{"rendered":"<p>(ACOM).- Por tercera ocasi\u00f3n en poco m\u00e1s de una semana, un nuevo incendio azota las costas de la pen\u00ednsula de Yucat\u00e1n. En esta ocasi\u00f3n, las llamas est\u00e1n muy cerca de alcanzar la Reserva Estatal \u201cEl Palmar\u201d, sitio de 49,605.39 hect\u00e1reas de superficie (y 9,442.11 hect\u00e1reas de franja marina), pues desde el mediod\u00eda de este lunes &hellip;<\/p>\n","protected":false},"author":1,"featured_media":13373,"comment_status":"open","ping_status":"open","sticky":false,"template":"","format":"standard","meta":{"_mi_skip_tracking":false},"categories":[50],"tags":[2969,1003,162],"_links":{"self":[{"href":"https:\/\/visionpeninsular.com\/mid\/wp-json\/wp\/v2\/posts\/13372"}],"collection":[{"href":"https:\/\/visionpeninsular.com\/mid\/wp-json\/wp\/v2\/posts"}],"about":[{"href":"https:\/\/visionpeninsular.com\/mid\/wp-json\/wp\/v2\/types\/post"}],"author":[{"embeddable":true,"href":"https:\/\/visionpeninsular.com\/mid\/wp-json\/wp\/v2\/users\/1"}],"replies":[{"embeddable":true,"href":"https:\/\/visionpeninsular.com\/mid\/wp-json\/wp\/v2\/comments?post=13372"}],"version-history":[{"count":1,"href":"https:\/\/visionpeninsular.com\/mid\/wp-json\/wp\/v2\/posts\/13372\/revisions"}],"predecessor-version":[{"id":13374,"href":"https:\/\/visionpeninsular.com\/mid\/wp-json\/wp\/v2\/posts\/13372\/revisions\/13374"}],"wp:featuredmedia":[{"embeddable":true,"href":"https:\/\/visionpeninsular.com\/mid\/wp-json\/wp\/v2\/media\/13373"}],"wp:attachment":[{"href":"https:\/\/visionpeninsular.com\/mid\/wp-json\/wp\/v2\/media?parent=13372"}],"wp:term":[{"taxonomy":"category","embeddable":true,"href":"https:\/\/visionpeninsular.com\/mid\/wp-json\/wp\/v2\/categories?post=13372"},{"taxonomy":"post_tag","embeddable":true,"href":"https:\/\/visionpeninsular.com\/mid\/wp-json\/wp\/v2\/tags?post=13372"}],"curies":[{"name":"wp","href":"https:\/\/api.w.org\/{rel}","templated":true}]}}