{"id":133556,"date":"2020-09-01T19:24:24","date_gmt":"2020-09-02T00:24:24","guid":{"rendered":"http:\/\/visionpeninsular.com\/mid\/?p=133556"},"modified":"2020-09-01T19:24:29","modified_gmt":"2020-09-02T00:24:29","slug":"la-tormenta-tropical-nana-amenaza-a-quintana-roo","status":"publish","type":"post","link":"https:\/\/visionpeninsular.com\/mid\/la-tormenta-tropical-nana-amenaza-a-quintana-roo\/","title":{"rendered":"La tormenta tropical &#8216;Nana&#8217; amenaza a Quintana Roo"},"content":{"rendered":"\n<p>a se convirti\u00f3 en cicl\u00f3n tropical y aunque se encuentra lejos de las\u00a0<strong>costas mexicanas,<\/strong>\u00a0todo apunta a que se\u00a0<strong>intensificar\u00e1 en las pr\u00f3ximas horas,<\/strong>\u00a0y podr\u00eda avanzar hacia\u00a0<strong>M\u00e9xico a lo largo de la semana.<\/strong><\/p>\n\n\n\n<p>El\u00a0<strong>caribe mexicano est\u00e1 en alerta por la formaci\u00f3n de &#8216;Nana&#8217;,<\/strong>\u00a0que ya es tormenta tropical y se localiza a 1,130 kil\u00f3metros al\u00a0<strong>este de Quintana Roo<\/strong>\u00a0con una\u00a0<strong>velocidad de de 30 kil\u00f3metros por hora.<\/strong><\/p>\n\n\n\n<p>Ya se sostuvo una&nbsp;<strong>Grupo Interinstitucional de An\u00e1lisis y Coordinaci\u00f3n de Ciclones Tropicales<\/strong>&nbsp;(GIACT-CT) para analizar&nbsp;<strong>dicho cicl\u00f3n<\/strong>&nbsp;que por ahora sostiene vientos de 65 km\/h y r\u00e1fagas de 85 km\/h.<\/p>\n\n\n\n<p>La\u00a0<strong>Coordinaci\u00f3n Nacional de Protecci\u00f3n Civil<\/strong>\u00a0dio el aviso de\u00a0<strong>esta amenaza en sus redes sociales.<\/strong><\/p>\n\n\n\n<p>&#8220;El d\u00eda de hoy se reuni\u00f3 GIACT-CT para coordinar las acciones preventivas y operativas ante la #ZonadeBajaPresi\u00f3n con potencial cicl\u00f3nico que se desarrolla en el Mar Caribe&#8221;.<\/p>\n\n\n\n<p>La&nbsp;<strong>misma entidad anunci\u00f3 que los efectos de &#8216;Nana&#8217;<\/strong>&nbsp;se podr\u00e1n sentir desde este mi\u00e9rcoles en la costa sur del paradis\u00edaco estado mexicano: vientos de&nbsp;<strong>tormenta tropical<\/strong>&nbsp;y olas con&nbsp;<strong>altura de hasta dos metros.<\/strong><\/p>\n\n\n\n<p>&#8220;Quintanarroenses, tenemos un sistema de Baja Presi\u00f3n en camino, con 80% de probabilidad de evolucionar a Sistema Cicl\u00f3nico en los pr\u00f3ximos 5 d\u00edas. @ProtCivil_QRoo mantiene vigilancia activa del fen\u00f3meno. Es importante informarse en cuentas oficiales. #JuntosSaldremosAdelante&#8221;, finaliz\u00f3 en su cuenta de Twitter.<\/p>\n<div class='share-to-whatsapp-wrapper'><div class='share-on-whsp'>Share on: <\/div><a data-text='La tormenta tropical 'Nana' amenaza a Quintana Roo' data-link='https:\/\/visionpeninsular.com\/mid\/la-tormenta-tropical-nana-amenaza-a-quintana-roo\/' class='whatsapp-button whatsapp-share'>WhatsApp<\/a><div class='clear '><\/div><\/div>","protected":false},"excerpt":{"rendered":"<p>a se convirti\u00f3 en cicl\u00f3n tropical y aunque se encuentra lejos de las\u00a0costas mexicanas,\u00a0todo apunta a que se\u00a0intensificar\u00e1 en las pr\u00f3ximas horas,\u00a0y podr\u00eda avanzar hacia\u00a0M\u00e9xico a lo largo de la semana. El\u00a0caribe mexicano est\u00e1 en alerta por la formaci\u00f3n de &#8216;Nana&#8217;,\u00a0que ya es tormenta tropical y se localiza a 1,130 kil\u00f3metros al\u00a0este de Quintana Roo\u00a0con &hellip;<\/p>\n","protected":false},"author":1,"featured_media":133557,"comment_status":"open","ping_status":"open","sticky":false,"template":"","format":"standard","meta":{"_mi_skip_tracking":false},"categories":[47,39],"tags":[23553,1041],"_links":{"self":[{"href":"https:\/\/visionpeninsular.com\/mid\/wp-json\/wp\/v2\/posts\/133556"}],"collection":[{"href":"https:\/\/visionpeninsular.com\/mid\/wp-json\/wp\/v2\/posts"}],"about":[{"href":"https:\/\/visionpeninsular.com\/mid\/wp-json\/wp\/v2\/types\/post"}],"author":[{"embeddable":true,"href":"https:\/\/visionpeninsular.com\/mid\/wp-json\/wp\/v2\/users\/1"}],"replies":[{"embeddable":true,"href":"https:\/\/visionpeninsular.com\/mid\/wp-json\/wp\/v2\/comments?post=133556"}],"version-history":[{"count":1,"href":"https:\/\/visionpeninsular.com\/mid\/wp-json\/wp\/v2\/posts\/133556\/revisions"}],"predecessor-version":[{"id":133558,"href":"https:\/\/visionpeninsular.com\/mid\/wp-json\/wp\/v2\/posts\/133556\/revisions\/133558"}],"wp:featuredmedia":[{"embeddable":true,"href":"https:\/\/visionpeninsular.com\/mid\/wp-json\/wp\/v2\/media\/133557"}],"wp:attachment":[{"href":"https:\/\/visionpeninsular.com\/mid\/wp-json\/wp\/v2\/media?parent=133556"}],"wp:term":[{"taxonomy":"category","embeddable":true,"href":"https:\/\/visionpeninsular.com\/mid\/wp-json\/wp\/v2\/categories?post=133556"},{"taxonomy":"post_tag","embeddable":true,"href":"https:\/\/visionpeninsular.com\/mid\/wp-json\/wp\/v2\/tags?post=133556"}],"curies":[{"name":"wp","href":"https:\/\/api.w.org\/{rel}","templated":true}]}}