{"id":133313,"date":"2020-08-27T10:50:05","date_gmt":"2020-08-27T15:50:05","guid":{"rendered":"http:\/\/visionpeninsular.com\/mid\/?p=133313"},"modified":"2020-08-27T10:50:14","modified_gmt":"2020-08-27T15:50:14","slug":"mundo-unido-por-la-vida-homenaje-a-profesionales-funerarios-y-seres-queridos-fallecidos","status":"publish","type":"post","link":"https:\/\/visionpeninsular.com\/mid\/mundo-unido-por-la-vida-homenaje-a-profesionales-funerarios-y-seres-queridos-fallecidos\/","title":{"rendered":"MUNDO UNIDO POR LA VIDA- Homenaje a Profesionales Funerarios y Seres Queridos Fallecidos"},"content":{"rendered":"\n<p><strong>\u201cEn este homenaje el legado de nuestros seres queridos genera vida y paz en nuestros corazones\u201d<\/strong><\/p>\n\n\n\n<p>En 2012, ALPAR, Asociaci\u00f3n Gremial Latinoamericana de Cementerios y Servicios Funerarios, realiz\u00f3 la primera versi\u00f3n de&nbsp;<strong>\u201cLatinoam\u00e9rica Unida por la Vida\u00bb<\/strong>. Un a\u00f1o despu\u00e9s, en 2013, ampliaron la cobertura e hicieron&nbsp;<strong>\u201cEl Mundo Unido por la Vida<\/strong>\u201d de tal manera, que la \u00faltima edici\u00f3n en 2019, se celebr\u00f3 en los 5 Continentes en 26 pa\u00edses, 83 ciudades y 120 empresas unidas para celebrar la vida.<\/p>\n\n\n\n<p>Desde hace 8 a\u00f1os se han hecho diversos tipos de homenajes con motivo del&nbsp;<strong>\u00abMundo Unido por la Vida\u00bb<\/strong>&nbsp;como un movimiento mundial, llevando a cabo carreras, caminatas, murales, liberaci\u00f3n de palomas, conciertos, entre otros m\u00e1s.<\/p>\n\n\n\n<figure class=\"wp-block-image is-resized\"><img loading=\"lazy\" src=\"https:\/\/cdn.shortpixel.ai\/client\/to_webp,q_glossy,ret_img,w_300,h_225\/https:\/\/revistaalianzaempresarial.com\/wp-content\/uploads\/2020\/08\/IMG_0291.jpg\" alt=\"\" class=\"wp-image-20539\" width=\"255\" height=\"191\"\/><\/figure>\n\n\n\n<p>Este a\u00f1o la celebraci\u00f3n ser\u00e1 el pr\u00f3ximo domingo 20 de septiembre y\u00a0<strong>Capillas Se\u00f1oriales<\/strong>\u00a0se une a esta celebraci\u00f3n con un evento \u00fanico sin precedentes como parte de la conmemoraci\u00f3n, con un monumento submarino convirti\u00e9ndolo en un arrecife que generar\u00e1 un ecosistema para la flora y fauna marina, para reconocer la labor que han desarrollado los Profesionales Funerarios y a nuestros seres queridos que han fallecido durante 2020 y no tuvieron el ritual de despedida que merec\u00edan.<\/p>\n\n\n\n<p>El monumento subacu\u00e1tico estar\u00e1 ubicado en el Club de Playa Silcer San Benito en Yucat\u00e1n, el cual estar\u00e1 conformado por 23 estructuras Reef Ball, creadas especialmente para alojar y facilitar el desarrollo de arrecifes de coral, la estructura m\u00e1s grande pesa cerca de una tonelada. Cada estructura se convertir\u00e1 con el tiempo en un arrecife que albergar\u00e1 las placas en bronce; Donde se grabar\u00e1n los nombres de las personas que ha fallecido para honrar su legado. Se contemplan alrededor de 20 \u2013 25 placas por unidad, sin embargo hay posibilidad de aumentar el n\u00famero de estructuras dependiendo el n\u00famero de participantes.<\/p>\n\n\n\n<div class=\"wp-block-image\"><figure class=\"aligncenter is-resized\"><img loading=\"lazy\" src=\"https:\/\/cdn.shortpixel.ai\/client\/to_webp,q_glossy,ret_img,w_222,h_222\/https:\/\/revistaalianzaempresarial.com\/wp-content\/uploads\/2020\/08\/Se%C3%B1oriales.jpeg\" alt=\"\" class=\"wp-image-20540\" width=\"246\" height=\"246\"\/><\/figure><\/div>\n\n\n\n<p>En el mundo, la fundaci\u00f3n Reef Ball International ha sumergido m\u00e1s de 1,000,000 de estructuras y Capillas Se\u00f1oriales formar\u00e1 parte de este gran esfuerzo por reforestar y apoyar el desarrollo de la flora y fauna de la zona.<\/p>\n\n\n\n<p>En cuanto al impacto ambiental, las estructuras son a base de concreto cuyo material utilizado no es contaminante; las placas son de bronce, un metal blando de larga duraci\u00f3n, que se mimetiza con el manto acu\u00edfero. Ambos materiales se ir\u00e1n mezclando con el ecosistema, fij\u00e1ndose para incrementar la vida marina sin da\u00f1arla, esto est\u00e1 completamente comprobado mediante estudios realizados por Reef Ball International.<\/p>\n\n\n\n<p>El pr\u00f3ximo domingo 20 de septiembre se har\u00e1 una transmisi\u00f3n desde las 6:00 hasta las 16:00 hrs. donde podremos ver diversas actividades preparadas para este importante d\u00eda adem\u00e1s de que se podr\u00e1 disfrutar de la transmisi\u00f3n de un recorrido por las estructuras que conforman el monumento subacu\u00e1tico, donde las personas que est\u00e9n observando puedan vivir el homenaje a la distancia, donde pondr\u00e1n compartir junto con la Industria de Cementerios y Funerarias de la sensibilidad hacia el valor de la vida y el respeto a la memoria.<\/p>\n\n\n\n<div class=\"wp-block-image\"><figure class=\"aligncenter is-resized\"><img loading=\"lazy\" src=\"https:\/\/cdn.shortpixel.ai\/client\/to_webp,q_glossy,ret_img,w_278,h_185\/https:\/\/revistaalianzaempresarial.com\/wp-content\/uploads\/2020\/08\/dsc_1947.jpg\" alt=\"\" class=\"wp-image-20542\" width=\"282\" height=\"187\"\/><\/figure><\/div>\n\n\n\n<p>El registro del nombre de nuestro ser querido fallecido este 2020 ser\u00e1 sin costo y la fecha l\u00edmite de inscripci\u00f3n es el 10 de septiembre.<\/p>\n\n\n\n<p><em>1- Ingresar al sitio web senoriales.com\/mundounidoporlavida<\/em><br><em>2- Elegir el homenaje de vida al cual desea participar.<\/em><br><em>3- Ingresar los datos del ser querido y de la persona que desea honrar la memoria de su ser amado.<\/em><br><em>4- Ingresar a nuestras redes sociales el 20 de septiembre para ver la transmisi\u00f3n en vivo de los&nbsp;<\/em><em>homenajes.<\/em><\/p>\n\n\n\n<p>\u201cEn este homenaje el legado de nuestros seres queridos genera vida y paz en nuestros corazones\u201d<\/p>\n\n\n\n<ul><li><strong>instagram.com\/capillas_senoriales\/ #Mundounidoporlavida2020<\/strong><\/li><li><strong>facebook.com\/senoriales\/ facebook.com\/capillassenorialesmx\/<\/strong><\/li><\/ul>\n<div class='share-to-whatsapp-wrapper'><div class='share-on-whsp'>Share on: <\/div><a data-text='MUNDO UNIDO POR LA VIDA- Homenaje a Profesionales Funerarios y Seres Queridos Fallecidos' data-link='https:\/\/visionpeninsular.com\/mid\/mundo-unido-por-la-vida-homenaje-a-profesionales-funerarios-y-seres-queridos-fallecidos\/' class='whatsapp-button whatsapp-share'>WhatsApp<\/a><div class='clear '><\/div><\/div>","protected":false},"excerpt":{"rendered":"<p>\u201cEn este homenaje el legado de nuestros seres queridos genera vida y paz en nuestros corazones\u201d En 2012, ALPAR, Asociaci\u00f3n Gremial Latinoamericana de Cementerios y Servicios Funerarios, realiz\u00f3 la primera versi\u00f3n de&nbsp;\u201cLatinoam\u00e9rica Unida por la Vida\u00bb. Un a\u00f1o despu\u00e9s, en 2013, ampliaron la cobertura e hicieron&nbsp;\u201cEl Mundo Unido por la Vida\u201d de tal manera, que &hellip;<\/p>\n","protected":false},"author":10,"featured_media":0,"comment_status":"open","ping_status":"open","sticky":false,"template":"","format":"standard","meta":{"_mi_skip_tracking":false},"categories":[19567],"tags":[23450],"_links":{"self":[{"href":"https:\/\/visionpeninsular.com\/mid\/wp-json\/wp\/v2\/posts\/133313"}],"collection":[{"href":"https:\/\/visionpeninsular.com\/mid\/wp-json\/wp\/v2\/posts"}],"about":[{"href":"https:\/\/visionpeninsular.com\/mid\/wp-json\/wp\/v2\/types\/post"}],"author":[{"embeddable":true,"href":"https:\/\/visionpeninsular.com\/mid\/wp-json\/wp\/v2\/users\/10"}],"replies":[{"embeddable":true,"href":"https:\/\/visionpeninsular.com\/mid\/wp-json\/wp\/v2\/comments?post=133313"}],"version-history":[{"count":1,"href":"https:\/\/visionpeninsular.com\/mid\/wp-json\/wp\/v2\/posts\/133313\/revisions"}],"predecessor-version":[{"id":133316,"href":"https:\/\/visionpeninsular.com\/mid\/wp-json\/wp\/v2\/posts\/133313\/revisions\/133316"}],"wp:attachment":[{"href":"https:\/\/visionpeninsular.com\/mid\/wp-json\/wp\/v2\/media?parent=133313"}],"wp:term":[{"taxonomy":"category","embeddable":true,"href":"https:\/\/visionpeninsular.com\/mid\/wp-json\/wp\/v2\/categories?post=133313"},{"taxonomy":"post_tag","embeddable":true,"href":"https:\/\/visionpeninsular.com\/mid\/wp-json\/wp\/v2\/tags?post=133313"}],"curies":[{"name":"wp","href":"https:\/\/api.w.org\/{rel}","templated":true}]}}