{"id":133106,"date":"2020-08-23T21:54:57","date_gmt":"2020-08-24T02:54:57","guid":{"rendered":"http:\/\/visionpeninsular.com\/mid\/?p=133106"},"modified":"2020-08-23T21:55:03","modified_gmt":"2020-08-24T02:55:03","slug":"en-plena-pandemia-30-millones-de-alumnos-iniciaran-nuevo-ciclo-escolar","status":"publish","type":"post","link":"https:\/\/visionpeninsular.com\/mid\/en-plena-pandemia-30-millones-de-alumnos-iniciaran-nuevo-ciclo-escolar\/","title":{"rendered":"En plena pandemia 30 millones de alumnos iniciar\u00e1n nuevo ciclo escolar"},"content":{"rendered":"\n<p>El caminito de la escuela ser\u00e1 diferente en esta ocasi\u00f3n para los<strong>&nbsp;30 millones de estudiantes que comienzan un nuevo ciclo escolar en medio de la pandemia de Covid-19.<\/strong>&nbsp;En esta ocasi\u00f3n no habr\u00e1 nervios por conocer a los compa\u00f1eros que vienen de otras escuelas, a los maestros o reencontrarse con los amigos del sal\u00f3n.&nbsp;<\/p>\n\n\n\n<p>Con los nuevos retos que plantea la emergencia sanitaria,<strong>&nbsp;este lunes 24 de agosto, los alumnos de preescolar, primaria y secundaria tendr\u00e1n que prender su televisor, radio o computadora&nbsp;<\/strong>a partir de las 08:00 horas para tomar sus clases como parte de la estrategia \u201cAprende en Casa II\u201d.<\/p>\n\n\n\n<p>De acuerdo con la SEP, los programas ser\u00e1n de tres tipos: El primero con maestros explicando los temas con recursos audiovisuales, modelos o ejemplos; el segundo donde maestros conservar\u00e1n con un asistente que har\u00e1 las veces de aprendiz y plantear\u00e1 preguntas, y el tercer tipo son conversaciones entre maestros y especialistas sobre un tema en particular.<\/p>\n\n\n\n<p><strong>Maestros de trayectoria destacada impartir\u00e1n las clases&nbsp;<\/strong>que ser\u00e1n elaboradas con base en los aprendizajes esperados en los planes y programas de estudio de educaci\u00f3n b\u00e1sica, que no sufrieron ninguna modificaci\u00f3n.<\/p>\n\n\n\n<figure class=\"wp-block-image size-large is-resized\"><img loading=\"lazy\" src=\"http:\/\/visionpeninsular.com\/mid\/wp-content\/uploads\/2020\/08\/aprende-en-casa-3-1024x576.jpg\" alt=\"\" class=\"wp-image-133108\" width=\"352\" height=\"198\" srcset=\"https:\/\/visionpeninsular.com\/mid\/wp-content\/uploads\/2020\/08\/aprende-en-casa-3-1024x576.jpg 1024w, https:\/\/visionpeninsular.com\/mid\/wp-content\/uploads\/2020\/08\/aprende-en-casa-3-300x169.jpg 300w, https:\/\/visionpeninsular.com\/mid\/wp-content\/uploads\/2020\/08\/aprende-en-casa-3-768x432.jpg 768w, https:\/\/visionpeninsular.com\/mid\/wp-content\/uploads\/2020\/08\/aprende-en-casa-3.jpg 1280w\" sizes=\"(max-width: 352px) 100vw, 352px\" \/><\/figure>\n\n\n\n<p>De acuerdo con las autoridades educativas,&nbsp;<strong>la programaci\u00f3n de Aprende en Casa II no va a dejar tarea a los estudiantes<\/strong>, que era una queja de padres de familia, por lo que ser\u00e1 una decisi\u00f3n que tomen las maestras y los maestros, que se mantienen en contacto directo y permanente con sus alumnos a trav\u00e9s del WhatsApp, v\u00eda telef\u00f3nica o correo electr\u00f3nico.<\/p>\n\n\n\n<p>El proceso educativo a distancia&nbsp;<strong>tendr\u00e1 validez oficial<\/strong>&nbsp;y, de acuerdo con el titular de la SEP, Esteban Moctezuma Barrag\u00e1n, los alumnos ser\u00e1n sometidos a una evaluaci\u00f3n diagn\u00f3stica.<\/p>\n\n\n\n<p>El calendario escolar oficial establece que\u00a0<strong>la primera evaluaci\u00f3n concluir\u00e1 con la entrega de boletas a madres, padres de familia o tutores<\/strong>\u00a0en la semana del 25 al 30 de noviembre (EXCELSIOR)<\/p>\n\n\n\n<p><\/p>\n<div class='share-to-whatsapp-wrapper'><div class='share-on-whsp'>Share on: <\/div><a data-text='En plena pandemia 30 millones de alumnos iniciar\u00e1n nuevo ciclo escolar' data-link='https:\/\/visionpeninsular.com\/mid\/en-plena-pandemia-30-millones-de-alumnos-iniciaran-nuevo-ciclo-escolar\/' class='whatsapp-button whatsapp-share'>WhatsApp<\/a><div class='clear '><\/div><\/div>","protected":false},"excerpt":{"rendered":"<p>El caminito de la escuela ser\u00e1 diferente en esta ocasi\u00f3n para los&nbsp;30 millones de estudiantes que comienzan un nuevo ciclo escolar en medio de la pandemia de Covid-19.&nbsp;En esta ocasi\u00f3n no habr\u00e1 nervios por conocer a los compa\u00f1eros que vienen de otras escuelas, a los maestros o reencontrarse con los amigos del sal\u00f3n.&nbsp; Con los &hellip;<\/p>\n","protected":false},"author":10,"featured_media":133107,"comment_status":"open","ping_status":"open","sticky":false,"template":"","format":"standard","meta":{"_mi_skip_tracking":false},"categories":[19567],"tags":[23371],"_links":{"self":[{"href":"https:\/\/visionpeninsular.com\/mid\/wp-json\/wp\/v2\/posts\/133106"}],"collection":[{"href":"https:\/\/visionpeninsular.com\/mid\/wp-json\/wp\/v2\/posts"}],"about":[{"href":"https:\/\/visionpeninsular.com\/mid\/wp-json\/wp\/v2\/types\/post"}],"author":[{"embeddable":true,"href":"https:\/\/visionpeninsular.com\/mid\/wp-json\/wp\/v2\/users\/10"}],"replies":[{"embeddable":true,"href":"https:\/\/visionpeninsular.com\/mid\/wp-json\/wp\/v2\/comments?post=133106"}],"version-history":[{"count":1,"href":"https:\/\/visionpeninsular.com\/mid\/wp-json\/wp\/v2\/posts\/133106\/revisions"}],"predecessor-version":[{"id":133109,"href":"https:\/\/visionpeninsular.com\/mid\/wp-json\/wp\/v2\/posts\/133106\/revisions\/133109"}],"wp:featuredmedia":[{"embeddable":true,"href":"https:\/\/visionpeninsular.com\/mid\/wp-json\/wp\/v2\/media\/133107"}],"wp:attachment":[{"href":"https:\/\/visionpeninsular.com\/mid\/wp-json\/wp\/v2\/media?parent=133106"}],"wp:term":[{"taxonomy":"category","embeddable":true,"href":"https:\/\/visionpeninsular.com\/mid\/wp-json\/wp\/v2\/categories?post=133106"},{"taxonomy":"post_tag","embeddable":true,"href":"https:\/\/visionpeninsular.com\/mid\/wp-json\/wp\/v2\/tags?post=133106"}],"curies":[{"name":"wp","href":"https:\/\/api.w.org\/{rel}","templated":true}]}}