{"id":132991,"date":"2020-08-21T15:38:49","date_gmt":"2020-08-21T20:38:49","guid":{"rendered":"http:\/\/visionpeninsular.com\/mid\/?p=132991"},"modified":"2020-08-21T15:38:55","modified_gmt":"2020-08-21T20:38:55","slug":"oms-senala-que-vacuna-no-pondra-fin-al-coronavirus-por-si-sola","status":"publish","type":"post","link":"https:\/\/visionpeninsular.com\/mid\/oms-senala-que-vacuna-no-pondra-fin-al-coronavirus-por-si-sola\/","title":{"rendered":"OMS se\u00f1ala que vacuna &#8216;no pondr\u00e1 fin al coronavirus por s\u00ed sola&#8217;"},"content":{"rendered":"\n<p>El director general de la&nbsp;<strong>Organizaci\u00f3n Mundial de la Salud (OMS)<\/strong>, Tedros<strong>&nbsp;Adhanom Ghebreyesus<\/strong>, ha apuntado que &#8220;no hay ninguna garant\u00eda&#8221; de que vaya a&nbsp;<strong>existir en alg\u00fan momento la vacuna<\/strong>&nbsp;del COVID-19, y que, en caso de que s\u00ed termine desarroll\u00e1ndose, &#8220;no va a poner fin a la pandemia por s\u00ed sola&#8221;.<\/p>\n\n\n\n<p>&#8220;Ning\u00fan pa\u00eds podr\u00e1 resolver este problema por s\u00ed solo hasta que tengamos la vacuna, que ser\u00eda una herramienta vital y esperamos tenerla lo antes posible, pero no hay ninguna garant\u00eda de que la vayamos a tener, e incluso si la tenemos no va a poner fin a la pandemia por s\u00ed sola&#8221;, ha advertido este viernes en rueda de prensa.<\/p>\n\n\n\n<p>En este sentido,<strong>&nbsp;ha instado a todos los pa\u00edses<\/strong>&nbsp;a &#8220;aprender a controlar y manejar este virus usando las herramientas actuales&#8221;, y a &#8220;hacer los ajustes en la vida diaria que son necesarios para mantenerse a salvo&#8221;. As\u00ed, ha reivindicado la necesidad de aprender a vivir con el virus, ya que los confinamientos &#8220;no son una soluci\u00f3n a largo plazo para ning\u00fan pa\u00eds&#8221;.<\/p>\n\n\n\n<div class=\"wp-block-image\"><figure class=\"aligncenter size-large is-resized\"><img loading=\"lazy\" src=\"http:\/\/visionpeninsular.com\/mid\/wp-content\/uploads\/2020\/08\/oms-logo.jpg\" alt=\"\" class=\"wp-image-132992\" width=\"300\" height=\"200\" srcset=\"https:\/\/visionpeninsular.com\/mid\/wp-content\/uploads\/2020\/08\/oms-logo.jpg 799w, https:\/\/visionpeninsular.com\/mid\/wp-content\/uploads\/2020\/08\/oms-logo-300x200.jpg 300w, https:\/\/visionpeninsular.com\/mid\/wp-content\/uploads\/2020\/08\/oms-logo-768x511.jpg 768w\" sizes=\"(max-width: 300px) 100vw, 300px\" \/><\/figure><\/div>\n\n\n\n<p>&#8220;No debemos elegir entre la salud y la econom\u00eda, es una elecci\u00f3n falsa. Al contrario, la pandemia de COVID-19 nos recuerda que la salud y la econom\u00eda son inseparables&#8221;, ha argumentado, llamando a aprovechar esta situaci\u00f3n para mejorar el problema del cambio clim\u00e1tico. &#8220;La pandemia nos ha permitido imaginar c\u00f3mo ser\u00eda el mundo con cielos y r\u00edos muchos m\u00e1s limpios&#8221;, ha proclamado.<\/p>\n\n\n\n<p>Al respecto,<strong>&nbsp;Tedros ha a\u00f1adido que la crisis del COVID-<\/strong>19 es &#8220;tambi\u00e9n una oportunidad para cambiar el mundo en el que van a vivir nuestros hijos&#8221;, poniendo el ejemplo de Espa\u00f1a como &#8220;una de las naciones que m\u00e1s r\u00e1pido se est\u00e1 descarbonizando&#8221; para hacer frente al reto mundial del cambio clim\u00e1tico.<\/p>\n\n\n\n<p>Tedros tambi\u00e9n se ha pronunciado sobre los rebrotes que est\u00e1n sufriendo algunos pa\u00edses como Espa\u00f1a: &#8220;Varios pa\u00edses se enfrentan ahora a nuevos brotes tras un largo periodo casi sin ninguna transmisi\u00f3n. Estos pa\u00edses llaman la atenci\u00f3n a otros que ahora est\u00e1n registrando una reducci\u00f3n en el n\u00famero de casos. El progreso no significa victoria. Es vital detectar r\u00e1pidamente los brotes para evitar la transmisi\u00f3n comunitaria&#8221;.<\/p>\n\n\n\n<p>Por otra parte, Tedros ha valorado la situaci\u00f3n del brote de \u00e9bola en el oeste de Rep\u00fablica Democr\u00e1tica del Congo, que ya alcanza el centenar de casos.<\/p>\n\n\n\n<p>&#8220;Actualmente hay un retraso de unos 5 d\u00edas desde el inicio de los s\u00edntomas hasta que se produce una alerta sobre un supuesto caso de \u00e9bola. Esto es preocupante, porque cuanto m\u00e1s tiempo pase un paciente con \u00e9bola sin tratamiento, menores ser\u00e1n sus posibilidades de supervivencia y m\u00e1s tiempo podr\u00e1 el virus propagarse sin ser visto en las comunidades&#8221;, ha lamentado.<\/p>\n\n\n\n<div class=\"wp-block-image\"><figure class=\"aligncenter size-large is-resized\"><img loading=\"lazy\" src=\"http:\/\/visionpeninsular.com\/mid\/wp-content\/uploads\/2020\/08\/VACUNAS-COVID-3.jpg\" alt=\"\" class=\"wp-image-132993\" width=\"306\" height=\"165\" srcset=\"https:\/\/visionpeninsular.com\/mid\/wp-content\/uploads\/2020\/08\/VACUNAS-COVID-3.jpg 772w, https:\/\/visionpeninsular.com\/mid\/wp-content\/uploads\/2020\/08\/VACUNAS-COVID-3-300x162.jpg 300w, https:\/\/visionpeninsular.com\/mid\/wp-content\/uploads\/2020\/08\/VACUNAS-COVID-3-768x414.jpg 768w\" sizes=\"(max-width: 306px) 100vw, 306px\" \/><\/figure><\/div>\n\n\n\n<p>Asimismo, ha indicado que la situaci\u00f3n &#8220;se ha complicado a\u00fan m\u00e1s por la huelga de los trabajadores de la salud, que est\u00e1 afectando a las actividades, incluyendo la vacunaci\u00f3n y los entierros seguros&#8221;.<\/p>\n\n\n\n<p>Esta situaci\u00f3n debe ser resuelta lo m\u00e1s r\u00e1pido posible.\u00a0<strong>El gobierno de Rep\u00fablica Democr\u00e1tica<\/strong>\u00a0del Congo ha desarrollado un plan que necesita unos 40 millones de d\u00f3lares. Instamos a los socios a apoyar este plan. Sigue habiendo una necesidad urgente de aumentar los recursos humanos y la capacidad log\u00edstica para apoyar una respuesta eficaz del \u00e9bola en una zona geogr\u00e1fica cada vez m\u00e1s extensa, y para ayudar a los funcionarios de salud a identificar antes los casos&#8221;, ha concluido. &#8211; Con\u00a0<a rel=\"noreferrer noopener\" href=\"https:\/\/www.europapress.tv\/sociedad\/509595\/1\/oms-senala-vacuna-covid-19-no-va-poner-fin-pandemia-si-sola\" target=\"_blank\">informaci\u00f3n de EuropaPress<\/a><\/p>\n<div class='share-to-whatsapp-wrapper'><div class='share-on-whsp'>Share on: <\/div><a data-text='OMS se\u00f1ala que vacuna 'no pondr\u00e1 fin al coronavirus por s\u00ed sola'' data-link='https:\/\/visionpeninsular.com\/mid\/oms-senala-que-vacuna-no-pondra-fin-al-coronavirus-por-si-sola\/' class='whatsapp-button whatsapp-share'>WhatsApp<\/a><div class='clear '><\/div><\/div>","protected":false},"excerpt":{"rendered":"<p>El director general de la&nbsp;Organizaci\u00f3n Mundial de la Salud (OMS), Tedros&nbsp;Adhanom Ghebreyesus, ha apuntado que &#8220;no hay ninguna garant\u00eda&#8221; de que vaya a&nbsp;existir en alg\u00fan momento la vacuna&nbsp;del COVID-19, y que, en caso de que s\u00ed termine desarroll\u00e1ndose, &#8220;no va a poner fin a la pandemia por s\u00ed sola&#8221;. &#8220;Ning\u00fan pa\u00eds podr\u00e1 resolver este problema &hellip;<\/p>\n","protected":false},"author":10,"featured_media":132994,"comment_status":"open","ping_status":"open","sticky":false,"template":"","format":"standard","meta":{"_mi_skip_tracking":false},"categories":[20706],"tags":[23352],"_links":{"self":[{"href":"https:\/\/visionpeninsular.com\/mid\/wp-json\/wp\/v2\/posts\/132991"}],"collection":[{"href":"https:\/\/visionpeninsular.com\/mid\/wp-json\/wp\/v2\/posts"}],"about":[{"href":"https:\/\/visionpeninsular.com\/mid\/wp-json\/wp\/v2\/types\/post"}],"author":[{"embeddable":true,"href":"https:\/\/visionpeninsular.com\/mid\/wp-json\/wp\/v2\/users\/10"}],"replies":[{"embeddable":true,"href":"https:\/\/visionpeninsular.com\/mid\/wp-json\/wp\/v2\/comments?post=132991"}],"version-history":[{"count":1,"href":"https:\/\/visionpeninsular.com\/mid\/wp-json\/wp\/v2\/posts\/132991\/revisions"}],"predecessor-version":[{"id":132995,"href":"https:\/\/visionpeninsular.com\/mid\/wp-json\/wp\/v2\/posts\/132991\/revisions\/132995"}],"wp:featuredmedia":[{"embeddable":true,"href":"https:\/\/visionpeninsular.com\/mid\/wp-json\/wp\/v2\/media\/132994"}],"wp:attachment":[{"href":"https:\/\/visionpeninsular.com\/mid\/wp-json\/wp\/v2\/media?parent=132991"}],"wp:term":[{"taxonomy":"category","embeddable":true,"href":"https:\/\/visionpeninsular.com\/mid\/wp-json\/wp\/v2\/categories?post=132991"},{"taxonomy":"post_tag","embeddable":true,"href":"https:\/\/visionpeninsular.com\/mid\/wp-json\/wp\/v2\/tags?post=132991"}],"curies":[{"name":"wp","href":"https:\/\/api.w.org\/{rel}","templated":true}]}}