{"id":13293,"date":"2016-09-27T06:11:34","date_gmt":"2016-09-27T11:11:34","guid":{"rendered":"http:\/\/visionpeninsular.com\/mid\/?p=13293"},"modified":"2016-09-27T06:11:34","modified_gmt":"2016-09-27T11:11:34","slug":"3mil-taxistas-marchan-vs-uber-campeche","status":"publish","type":"post","link":"https:\/\/visionpeninsular.com\/mid\/3mil-taxistas-marchan-vs-uber-campeche\/","title":{"rendered":"Tres mil taxistas de Campeche se unen al paro regional contra Uber"},"content":{"rendered":"<p>Con el objetivo de exigir a las autoridades el fin del servicio ilegal de Uber, cerca de tres mil taxistas de Campeche se unir\u00e1n a la convocatoria del llamado Frente Regional de Taxistas en el Sureste Mexicano, para as\u00ed protestar junto a sus hom\u00f3logos en la Pen\u00ednsula de Yucat\u00e1n, confirm\u00f3 Luis Arjona Jim\u00e9nez, Secretario General del Frente \u00danico de Trabajadores del Volante (FUTV).<\/p>\n<p>Y es que as\u00ed como desato la persecuci\u00f3n en Quintana Roo y Yucat\u00e1n con la puesta en marcha de esta nueva plataforma tecnol\u00f3gica en Campeche no ha sido la excepci\u00f3n, pues mientras en los otros Estados han sido los taxistas los protagonistas de las persecuciones mayormente, en este Estado ha sido el Instituto Estatal de Transporte (IET) que en operativos permanentes busca detectar en flagrancia a los conductores Uber asegurando que \u00e9stos no pueden actuar sobre la Ley. <\/p>\n<p>Sin embargo, Uber permanece en la Entidad a petici\u00f3n ciudadana, asimismo el Instituto que justifica su cacer\u00eda como simplemente hacer valer la Ley tampoco act\u00fao contra los taxistas organizados que protestaron e impidieron el tr\u00e1fico en las inmediaciones del IET, lo que fue una violaci\u00f3n al reglamento del servicio de transporte, por lo que pareciera que para unos es imperdonable querer estar sobre las normas del  Estado pero para otros es f\u00e1cil justificar violentarlas. <\/p>\n<p>Mientras que los taxistas de la capital campechana se han unido a la convocatoria de marcha, y el d\u00eda de hoy participaran cerca de tres mil de ellos en las acciones conjuntas de protesta desde el malec\u00f3n de San Francisco de Campeche hasta el monumento Justo Sierra M\u00e9ndez, en lo que aseguran ser\u00e1 una protesta pac\u00edfica y sin entorpecer el tr\u00e1nsito vehicular. <\/p>\n<div class='share-to-whatsapp-wrapper'><div class='share-on-whsp'>Share on: <\/div><a data-text='Tres mil taxistas de Campeche se unen al paro regional contra Uber' data-link='https:\/\/visionpeninsular.com\/mid\/3mil-taxistas-marchan-vs-uber-campeche\/' class='whatsapp-button whatsapp-share'>WhatsApp<\/a><div class='clear '><\/div><\/div>","protected":false},"excerpt":{"rendered":"<p>Con el objetivo de exigir a las autoridades el fin del servicio ilegal de Uber, cerca de tres mil taxistas de Campeche se unir\u00e1n a la convocatoria del llamado Frente Regional de Taxistas en el Sureste Mexicano, para as\u00ed protestar junto a sus hom\u00f3logos en la Pen\u00ednsula de Yucat\u00e1n, confirm\u00f3 Luis Arjona Jim\u00e9nez, Secretario General &hellip;<\/p>\n","protected":false},"author":1,"featured_media":12457,"comment_status":"open","ping_status":"open","sticky":false,"template":"","format":"standard","meta":{"_mi_skip_tracking":false},"categories":[46],"tags":[922,2958],"_links":{"self":[{"href":"https:\/\/visionpeninsular.com\/mid\/wp-json\/wp\/v2\/posts\/13293"}],"collection":[{"href":"https:\/\/visionpeninsular.com\/mid\/wp-json\/wp\/v2\/posts"}],"about":[{"href":"https:\/\/visionpeninsular.com\/mid\/wp-json\/wp\/v2\/types\/post"}],"author":[{"embeddable":true,"href":"https:\/\/visionpeninsular.com\/mid\/wp-json\/wp\/v2\/users\/1"}],"replies":[{"embeddable":true,"href":"https:\/\/visionpeninsular.com\/mid\/wp-json\/wp\/v2\/comments?post=13293"}],"version-history":[{"count":1,"href":"https:\/\/visionpeninsular.com\/mid\/wp-json\/wp\/v2\/posts\/13293\/revisions"}],"predecessor-version":[{"id":13294,"href":"https:\/\/visionpeninsular.com\/mid\/wp-json\/wp\/v2\/posts\/13293\/revisions\/13294"}],"wp:featuredmedia":[{"embeddable":true,"href":"https:\/\/visionpeninsular.com\/mid\/wp-json\/wp\/v2\/media\/12457"}],"wp:attachment":[{"href":"https:\/\/visionpeninsular.com\/mid\/wp-json\/wp\/v2\/media?parent=13293"}],"wp:term":[{"taxonomy":"category","embeddable":true,"href":"https:\/\/visionpeninsular.com\/mid\/wp-json\/wp\/v2\/categories?post=13293"},{"taxonomy":"post_tag","embeddable":true,"href":"https:\/\/visionpeninsular.com\/mid\/wp-json\/wp\/v2\/tags?post=13293"}],"curies":[{"name":"wp","href":"https:\/\/api.w.org\/{rel}","templated":true}]}}