{"id":132840,"date":"2020-08-20T10:24:51","date_gmt":"2020-08-20T15:24:51","guid":{"rendered":"http:\/\/visionpeninsular.com\/mid\/?p=132840"},"modified":"2020-08-20T10:25:12","modified_gmt":"2020-08-20T15:25:12","slug":"merida-nos-une-multiplico-apoyos-durante-la-contingencia-sanitaria","status":"publish","type":"post","link":"https:\/\/visionpeninsular.com\/mid\/merida-nos-une-multiplico-apoyos-durante-la-contingencia-sanitaria\/","title":{"rendered":"\u2018M\u00e9rida nos Une\u2019 multiplic\u00f3 apoyos durante la contingencia sanitaria"},"content":{"rendered":"\n<p>La participaci\u00f3n ciudadana que practicamos en M\u00e9rida se convierte en pilar fundamental de nuestra gobernanza al generar muestras de sensibilidad, generosidad y solidaridad, con esta iniciativa innovadora para ayudar a quienes, por su condici\u00f3n vulnerable, est\u00e1n siendo m\u00e1s afectados por la pandemia causada por el COVID-19, se\u00f1al\u00f3 el alcalde Ren\u00e1n Barrera Concha.<\/p>\n\n\n\n<p>\u201cEn este tiempo de adversidad lo que buscamos es llegar a un mayor n\u00famero de personas para apoyarlas y que sociedad y gobierno podamos hacer equipo para seguir nuestro rumbo hacia el desarrollo\u201d, subray\u00f3.<\/p>\n\n\n\n<p>Durante el quinto foro virtual de \u201cM\u00e9rida Nos Une en Vivo\u201d, que en esta ocasi\u00f3n tuvo como tema central \u201cSolidaridad en la contingencia\u201d, el concejal inform\u00f3 que a trav\u00e9s de la plataforma \u201cM\u00e9rida Nos Une\u201d se han realizado 404 acciones de vinculaci\u00f3n para ayudar a familias meridanas y se han generado 290 iniciativas relacionadas a temas tales como la alimentaci\u00f3n, apoyo psicol\u00f3gico, entrega materiales de salud, entre otros, enalteciendo los valores de solidaridad con la poblaci\u00f3n vulnerable.<\/p>\n\n\n\n<p>Agradeci\u00f3 a los participantes en el foro el papel fundamental que las agrupaciones que representan han significado para multiplicar los apoyos a una poblaci\u00f3n necesitada de solidaridad y buenas acciones ante la crisis actual.<\/p>\n\n\n\n<p>En esta ocasi\u00f3n, \u201cM\u00e9rida nos Une en Vivo\u201d tuvo como invitados a Odette Solis, creadora de \u201cGrax vida\u201d; Francisco Tejero Loria, integrante del Comit\u00e9 Vecinal del fraccionamiento \u201cLas Am\u00e9ricas\u201d; Xixili Fern\u00e1ndez Casado, impulsora de \u201cApoyo Mutuo M\u00e9rida\u201d, y Patricia McCarthy Caballero, Integrante de Frente C\u00edvico Familiar, A.C.<\/p>\n\n\n\n<p>Los panelistas coincidieron en la importancia de este esfuerzo del Ayuntamiento de M\u00e9rida para organizar el trabajo a favor de quienes m\u00e1s lo necesitan.<\/p>\n\n\n\n<p>Odette Sol\u00eds agradeci\u00f3 al alcalde por impulsar este tipo de herramientas que permiten a la sociedad unir esfuerzos para apoyar a los grupos m\u00e1s vulnerables del municipio.<\/p>\n\n\n\n<p>Por su parte, Francisco Tejero dijo que \u201cM\u00e9rida nos une\u201d es una gran experiencia de colaboraci\u00f3n que permite a los ciudadanos a actuar en beneficio de los m\u00e1s necesitados, a la vez que propicia \u201cque nos reinventemos como seres humanos y logremos el desarrollo hacia la solidaridad\u201d.<\/p>\n\n\n\n<p>En su turno, Xixili Fern\u00e1ndez expres\u00f3 que la pandemia del COVID permite demostrar la uni\u00f3n que prevalece en M\u00e9rida e invit\u00f3 a m\u00e1s ciudadanos a estrechar lazos y generar sinergias para generar una gobernanza por el bien com\u00fan.<\/p>\n\n\n\n<p>Patricia McCarthy indic\u00f3 que esta plataforma, donde se tejen alianzas, es un ejemplo de uni\u00f3n a nivel nacional, por lo que refiri\u00f3 que es necesario que \u201cM\u00e9rida nos Une\u201d permanezca en el municipio porque las necesidades de los grupos vulnerables son numerosas.<\/p>\n\n\n\n<p>Barrera Concha remarc\u00f3 que la premisa de su administraci\u00f3n es ser un gobierno cercano a la gente, atento a sus necesidades y dispuesto a crear sinergias a favor de la poblaci\u00f3n, especialmente de los m\u00e1s afectados por la pandemia.<\/p>\n\n\n\n<p>Detall\u00f3 que, durante la contingencia, la plataforma digital \u201cM\u00e9rida nos Une\u201d ha recibido cerca de 19,000 visitas de personas interesadas tanto en dar como en recibir apoyos.<\/p>\n\n\n\n<p>Record\u00f3 que a trav\u00e9s de esa plataforma m\u00e1s de 60 profesionales e instituciones de apoyo psicol\u00f3gico ofrecen sus servicios a la poblaci\u00f3n.<\/p>\n\n\n\n<p>En su mensaje, Barrera Concha indic\u00f3 que este compromiso distingue a M\u00e9rida como una sociedad altruista y solidaria con el pr\u00f3jimo al generar 2,373 apoyos que se han distribuido entre 2,277 personas y familias, 91 asociaciones y albergues, 4 instituciones de salud y una instituci\u00f3n educativa.<\/p>\n\n\n\n<p>Indic\u00f3 que a trav\u00e9s de este v\u00ednculo solidario se han cerca de 22,000 productos y servicios a grupos vulnerables como son 2,642 despensas, 14,360 productos de higiene, 4,307 art\u00edculos de protecci\u00f3n a la salud, 407 productos alimenticios, 246 art\u00edculos y servicios m\u00e9dicos y de rehabilitaci\u00f3n y 17 productos varios (servicios de desinfecci\u00f3n, juguetes, entre muchos otros.)<\/p>\n\n\n\n<p>De manera paralela a la plataforma \u201cM\u00e9rida Nos Une\u201d, continu\u00f3, el Ayuntamiento tambi\u00e9n puso en marcha, con la asistencia y apoyo de sus empleados, el \u201cPrograma de Asistencia a la Comunidad en Vulnerabilidad y Discapacidad en M\u00e9rida\u201d.<\/p>\n\n\n\n<p>\u201cDe abril a julio repartimos entre la poblaci\u00f3n vulnerable de colonias y comisar\u00edas 230 mil paquetes, de los cuales 130,000 se entregaron con apoyo del gobierno del Estado y 100,000 con recursos propios de la Comuna\u201d, explic\u00f3.<\/p>\n\n\n\n<p>Reiter\u00f3 su compromiso a seguir trabajando para formar ciudadan\u00eda y al terminar su administraci\u00f3n dejar a las agrupaciones civiles las posibilidades de seguirse empoderando en su trabajo a favor de la poblaci\u00f3n vulnerable.<\/p>\n\n\n\n<p>Finalmente, el secretario de Participaci\u00f3n Ciudadana, Julio Sauma Castillo, moderador del foro, manifest\u00f3 que esta plataforma es una herramienta que ha tenido como convicci\u00f3n de seguir colaborando y mantenerse unidos sociedad y gobierno a trav\u00e9s de la solidaridad, la inclusi\u00f3n y la ayuda humanitaria.<\/p>\n<div class='share-to-whatsapp-wrapper'><div class='share-on-whsp'>Share on: <\/div><a data-text='\u2018M\u00e9rida nos Une\u2019 multiplic\u00f3 apoyos durante la contingencia sanitaria' data-link='https:\/\/visionpeninsular.com\/mid\/merida-nos-une-multiplico-apoyos-durante-la-contingencia-sanitaria\/' class='whatsapp-button whatsapp-share'>WhatsApp<\/a><div class='clear '><\/div><\/div>","protected":false},"excerpt":{"rendered":"<p>La participaci\u00f3n ciudadana que practicamos en M\u00e9rida se convierte en pilar fundamental de nuestra gobernanza al generar muestras de sensibilidad, generosidad y solidaridad, con esta iniciativa innovadora para ayudar a quienes, por su condici\u00f3n vulnerable, est\u00e1n siendo m\u00e1s afectados por la pandemia causada por el COVID-19, se\u00f1al\u00f3 el alcalde Ren\u00e1n Barrera Concha. \u201cEn este tiempo &hellip;<\/p>\n","protected":false},"author":5,"featured_media":132841,"comment_status":"open","ping_status":"open","sticky":false,"template":"","format":"standard","meta":{"_mi_skip_tracking":false},"categories":[49,37],"tags":[13587,20612,5338],"_links":{"self":[{"href":"https:\/\/visionpeninsular.com\/mid\/wp-json\/wp\/v2\/posts\/132840"}],"collection":[{"href":"https:\/\/visionpeninsular.com\/mid\/wp-json\/wp\/v2\/posts"}],"about":[{"href":"https:\/\/visionpeninsular.com\/mid\/wp-json\/wp\/v2\/types\/post"}],"author":[{"embeddable":true,"href":"https:\/\/visionpeninsular.com\/mid\/wp-json\/wp\/v2\/users\/5"}],"replies":[{"embeddable":true,"href":"https:\/\/visionpeninsular.com\/mid\/wp-json\/wp\/v2\/comments?post=132840"}],"version-history":[{"count":1,"href":"https:\/\/visionpeninsular.com\/mid\/wp-json\/wp\/v2\/posts\/132840\/revisions"}],"predecessor-version":[{"id":132842,"href":"https:\/\/visionpeninsular.com\/mid\/wp-json\/wp\/v2\/posts\/132840\/revisions\/132842"}],"wp:featuredmedia":[{"embeddable":true,"href":"https:\/\/visionpeninsular.com\/mid\/wp-json\/wp\/v2\/media\/132841"}],"wp:attachment":[{"href":"https:\/\/visionpeninsular.com\/mid\/wp-json\/wp\/v2\/media?parent=132840"}],"wp:term":[{"taxonomy":"category","embeddable":true,"href":"https:\/\/visionpeninsular.com\/mid\/wp-json\/wp\/v2\/categories?post=132840"},{"taxonomy":"post_tag","embeddable":true,"href":"https:\/\/visionpeninsular.com\/mid\/wp-json\/wp\/v2\/tags?post=132840"}],"curies":[{"name":"wp","href":"https:\/\/api.w.org\/{rel}","templated":true}]}}