{"id":132814,"date":"2020-08-20T07:25:47","date_gmt":"2020-08-20T12:25:47","guid":{"rendered":"http:\/\/visionpeninsular.com\/mid\/?p=132814"},"modified":"2020-08-20T07:25:51","modified_gmt":"2020-08-20T12:25:51","slug":"campeche-aun-no-retira-la-ley-seca-pese-a-semaforo-amarillo","status":"publish","type":"post","link":"https:\/\/visionpeninsular.com\/mid\/campeche-aun-no-retira-la-ley-seca-pese-a-semaforo-amarillo\/","title":{"rendered":"Campeche a\u00fan no retira la ley seca pese a sem\u00e1foro amarillo"},"content":{"rendered":"\n<p>CAMPECHE.- Aunque haya<strong>&nbsp;sem\u00e1foro amarillo<\/strong>&nbsp;en el estado, a\u00fan no se ha dado fecha para que se levante la ley seca, sin embargo, de manera extra oficial, el representante de los mini supers en el estado,&nbsp;<strong>Marcos Canul Estrella<\/strong>, anunci\u00f3 que les han notificado que probablemente se les d\u00e9 apertura de venta a inicios del<strong>&nbsp;mes de septiembre<\/strong>&nbsp;de lunes a mi\u00e9rcoles de 10 a 5 pm.<\/p>\n\n\n\n<p>El empresario, exigi\u00f3 que los horarios sean los\u00a0<strong>habituales de 10 a 9pm<\/strong>, para s\u00f3lo as\u00ed combatir el\u00a0<strong>clandestinaje,<\/strong>\u00a0que asegur\u00f3, se ha incrementado con la prohibici\u00f3n temporal de la venta de et\u00edlico, y expres\u00f3, que as\u00ed como, con el cambio de\u00a0<strong>semaforizaci\u00f3n<\/strong>\u00a0otros sectores se est\u00e1n viendo beneficiados, es justo que tambi\u00e9n se les otorgue la autorizaci\u00f3n a quienes se dedican al giro de bebidas espirituosas.<\/p>\n\n\n\n<p>\u201cNo nos ayuda de mucho que nos digan que podremos\u00a0<strong>vender s\u00f3lo 2 d\u00edas,<\/strong>\u00a0con horarios espec\u00edficos, eso no va a representar ingresos, pues en los d\u00edas picos como fines de semana, ah\u00ed estar\u00e1n los\u00a0<strong>clandestinos<\/strong>, para todo caso que no nos autoricen nada\u201d.<\/p>\n\n\n\n<p>Pronunci\u00f3 que el sector se ha\u00a0<strong>mantenido al margen,<\/strong>\u00a0respetando la ley, sin reprochar nada, pues se entiende que existe un\u00a0<strong>motivo de salud poderoso<\/strong>, pero que al paso de los d\u00edas, es necesario y\u00a0 urgente que las autoridades piensen en las p\u00e9rdidas que todo este confinamiento les ha generado, donde muchos se han\u00a0<strong>endeudado.<\/strong><\/p>\n<div class='share-to-whatsapp-wrapper'><div class='share-on-whsp'>Share on: <\/div><a data-text='Campeche a\u00fan no retira la ley seca pese a sem\u00e1foro amarillo' data-link='https:\/\/visionpeninsular.com\/mid\/campeche-aun-no-retira-la-ley-seca-pese-a-semaforo-amarillo\/' class='whatsapp-button whatsapp-share'>WhatsApp<\/a><div class='clear '><\/div><\/div>","protected":false},"excerpt":{"rendered":"<p>CAMPECHE.- Aunque haya&nbsp;sem\u00e1foro amarillo&nbsp;en el estado, a\u00fan no se ha dado fecha para que se levante la ley seca, sin embargo, de manera extra oficial, el representante de los mini supers en el estado,&nbsp;Marcos Canul Estrella, anunci\u00f3 que les han notificado que probablemente se les d\u00e9 apertura de venta a inicios del&nbsp;mes de septiembre&nbsp;de lunes &hellip;<\/p>\n","protected":false},"author":1,"featured_media":132815,"comment_status":"open","ping_status":"open","sticky":false,"template":"","format":"standard","meta":{"_mi_skip_tracking":false},"categories":[38,45],"tags":[988,23191],"_links":{"self":[{"href":"https:\/\/visionpeninsular.com\/mid\/wp-json\/wp\/v2\/posts\/132814"}],"collection":[{"href":"https:\/\/visionpeninsular.com\/mid\/wp-json\/wp\/v2\/posts"}],"about":[{"href":"https:\/\/visionpeninsular.com\/mid\/wp-json\/wp\/v2\/types\/post"}],"author":[{"embeddable":true,"href":"https:\/\/visionpeninsular.com\/mid\/wp-json\/wp\/v2\/users\/1"}],"replies":[{"embeddable":true,"href":"https:\/\/visionpeninsular.com\/mid\/wp-json\/wp\/v2\/comments?post=132814"}],"version-history":[{"count":1,"href":"https:\/\/visionpeninsular.com\/mid\/wp-json\/wp\/v2\/posts\/132814\/revisions"}],"predecessor-version":[{"id":132816,"href":"https:\/\/visionpeninsular.com\/mid\/wp-json\/wp\/v2\/posts\/132814\/revisions\/132816"}],"wp:featuredmedia":[{"embeddable":true,"href":"https:\/\/visionpeninsular.com\/mid\/wp-json\/wp\/v2\/media\/132815"}],"wp:attachment":[{"href":"https:\/\/visionpeninsular.com\/mid\/wp-json\/wp\/v2\/media?parent=132814"}],"wp:term":[{"taxonomy":"category","embeddable":true,"href":"https:\/\/visionpeninsular.com\/mid\/wp-json\/wp\/v2\/categories?post=132814"},{"taxonomy":"post_tag","embeddable":true,"href":"https:\/\/visionpeninsular.com\/mid\/wp-json\/wp\/v2\/tags?post=132814"}],"curies":[{"name":"wp","href":"https:\/\/api.w.org\/{rel}","templated":true}]}}