{"id":132729,"date":"2020-08-18T23:56:45","date_gmt":"2020-08-19T04:56:45","guid":{"rendered":"http:\/\/visionpeninsular.com\/mid\/?p=132729"},"modified":"2020-08-18T23:56:53","modified_gmt":"2020-08-19T04:56:53","slug":"cofepris-y-conadic-quedaran-bajo-el-mando-de-lopez-gatell-segun-proyecto","status":"publish","type":"post","link":"https:\/\/visionpeninsular.com\/mid\/cofepris-y-conadic-quedaran-bajo-el-mando-de-lopez-gatell-segun-proyecto\/","title":{"rendered":"Cofepris y Conadic quedar\u00e1n bajo el mando de L\u00f3pez-Gatell, seg\u00fan proyecto"},"content":{"rendered":"\n<p>La Comisi\u00f3n Federal de Protecci\u00f3n contra Riesgos Sanitarios (Cofepris) y la Comisi\u00f3n Nacional contra las Adicciones (Conadic) quedar\u00edan bajo el mando de la subsecretar\u00eda de Prevenci\u00f3n y Promoci\u00f3n de la Salud, que encabeza Hugo L\u00f3pez-Gatell, de acuerdo con un&nbsp;proyecto de acuerdo de la Secretar\u00eda de Salud (SSa) y que revisa la Comisi\u00f3n Nacional de Mejora Regulatoria (Conamer).<\/p>\n\n\n\n<p><strong>El acuerdo dejar\u00eda al mando de L\u00f3pez-Gatell el control sobre 13 unidades administrativas<\/strong>&nbsp;de la SSa, de las 10 que ten\u00eda hasta ahora a su cargo.<\/p>\n\n\n\n<div class=\"wp-block-image\"><figure class=\"aligncenter size-large is-resized\"><img loading=\"lazy\" src=\"http:\/\/visionpeninsular.com\/mid\/wp-content\/uploads\/2020\/08\/cofepris-1.png\" alt=\"\" class=\"wp-image-132730\" width=\"319\" height=\"170\" srcset=\"https:\/\/visionpeninsular.com\/mid\/wp-content\/uploads\/2020\/08\/cofepris-1.png 799w, https:\/\/visionpeninsular.com\/mid\/wp-content\/uploads\/2020\/08\/cofepris-1-300x160.png 300w, https:\/\/visionpeninsular.com\/mid\/wp-content\/uploads\/2020\/08\/cofepris-1-768x409.png 768w, https:\/\/visionpeninsular.com\/mid\/wp-content\/uploads\/2020\/08\/cofepris-1-310x165.png 310w\" sizes=\"(max-width: 319px) 100vw, 319px\" \/><\/figure><\/div>\n\n\n\n<p>La&nbsp;<strong>Cofepris dejar\u00eda de estar adscrita a la oficina del Secretario de Salud, Jorge Alcocer, y pasar\u00eda al mando del subsecretario.<\/strong><\/p>\n\n\n\n<p>Mismo caso de cinco Centros Nacionales: de Equidad de G\u00e9nero y Salud Reproductiva; de Programas Preventivos y Control de Enfermedades; para la Prevenci\u00f3n y el Control del VIH\/SIDA; para la Salud de la Infancia y la Adolescencia, y el de Transfusi\u00f3n Sangu\u00ednea.<\/p>\n\n\n\n<p>L\u00f3pez-Gatell tambi\u00e9n tendr\u00eda a su cargo los Servicios de Atenci\u00f3n Psiqui\u00e1trica, que, junto con el Centro Nacional de Transfusi\u00f3n Sangu\u00ednea, estaban bajo el mando de la Comisi\u00f3n Coordinadora de Institutos Nacionales de Salud y Hospitales de Alta Especialidad, que ahora tendr\u00e1 cuatro unidades administrativas.<\/p>\n\n\n\n<div class=\"wp-block-image\"><figure class=\"aligncenter size-large is-resized\"><img loading=\"lazy\" src=\"http:\/\/visionpeninsular.com\/mid\/wp-content\/uploads\/2020\/08\/lopez-gatell-solo.jpg\" alt=\"\" class=\"wp-image-132731\" width=\"311\" height=\"193\" srcset=\"https:\/\/visionpeninsular.com\/mid\/wp-content\/uploads\/2020\/08\/lopez-gatell-solo.jpg 958w, https:\/\/visionpeninsular.com\/mid\/wp-content\/uploads\/2020\/08\/lopez-gatell-solo-300x187.jpg 300w, https:\/\/visionpeninsular.com\/mid\/wp-content\/uploads\/2020\/08\/lopez-gatell-solo-768x478.jpg 768w\" sizes=\"(max-width: 311px) 100vw, 311px\" \/><\/figure><\/div>\n\n\n\n<p>Otras unidades que pasar\u00e1n al control de la subsecretar\u00eda de Prevenci\u00f3n son las tres direcciones generales de Epidemiolog\u00eda, de Promoci\u00f3n de la Salud y de Informaci\u00f3n en Salud, as\u00ed como los secretariados t\u00e9cnicos del Consejo Nacional de Salud Mental y del Consejo Nacional para la Prevenci\u00f3n de Accidentes. (ANIMAL POLITICO)<\/p>\n<div class='share-to-whatsapp-wrapper'><div class='share-on-whsp'>Share on: <\/div><a data-text='Cofepris y Conadic quedar\u00e1n bajo el mando de L\u00f3pez-Gatell, seg\u00fan proyecto' data-link='https:\/\/visionpeninsular.com\/mid\/cofepris-y-conadic-quedaran-bajo-el-mando-de-lopez-gatell-segun-proyecto\/' class='whatsapp-button whatsapp-share'>WhatsApp<\/a><div class='clear '><\/div><\/div>","protected":false},"excerpt":{"rendered":"<p>La Comisi\u00f3n Federal de Protecci\u00f3n contra Riesgos Sanitarios (Cofepris) y la Comisi\u00f3n Nacional contra las Adicciones (Conadic) quedar\u00edan bajo el mando de la subsecretar\u00eda de Prevenci\u00f3n y Promoci\u00f3n de la Salud, que encabeza Hugo L\u00f3pez-Gatell, de acuerdo con un&nbsp;proyecto de acuerdo de la Secretar\u00eda de Salud (SSa) y que revisa la Comisi\u00f3n Nacional de Mejora &hellip;<\/p>\n","protected":false},"author":10,"featured_media":132732,"comment_status":"open","ping_status":"open","sticky":false,"template":"","format":"standard","meta":{"_mi_skip_tracking":false},"categories":[19441],"tags":[23278],"_links":{"self":[{"href":"https:\/\/visionpeninsular.com\/mid\/wp-json\/wp\/v2\/posts\/132729"}],"collection":[{"href":"https:\/\/visionpeninsular.com\/mid\/wp-json\/wp\/v2\/posts"}],"about":[{"href":"https:\/\/visionpeninsular.com\/mid\/wp-json\/wp\/v2\/types\/post"}],"author":[{"embeddable":true,"href":"https:\/\/visionpeninsular.com\/mid\/wp-json\/wp\/v2\/users\/10"}],"replies":[{"embeddable":true,"href":"https:\/\/visionpeninsular.com\/mid\/wp-json\/wp\/v2\/comments?post=132729"}],"version-history":[{"count":1,"href":"https:\/\/visionpeninsular.com\/mid\/wp-json\/wp\/v2\/posts\/132729\/revisions"}],"predecessor-version":[{"id":132733,"href":"https:\/\/visionpeninsular.com\/mid\/wp-json\/wp\/v2\/posts\/132729\/revisions\/132733"}],"wp:featuredmedia":[{"embeddable":true,"href":"https:\/\/visionpeninsular.com\/mid\/wp-json\/wp\/v2\/media\/132732"}],"wp:attachment":[{"href":"https:\/\/visionpeninsular.com\/mid\/wp-json\/wp\/v2\/media?parent=132729"}],"wp:term":[{"taxonomy":"category","embeddable":true,"href":"https:\/\/visionpeninsular.com\/mid\/wp-json\/wp\/v2\/categories?post=132729"},{"taxonomy":"post_tag","embeddable":true,"href":"https:\/\/visionpeninsular.com\/mid\/wp-json\/wp\/v2\/tags?post=132729"}],"curies":[{"name":"wp","href":"https:\/\/api.w.org\/{rel}","templated":true}]}}