{"id":132543,"date":"2020-08-15T19:05:00","date_gmt":"2020-08-16T00:05:00","guid":{"rendered":"http:\/\/visionpeninsular.com\/mid\/?p=132543"},"modified":"2020-08-15T19:05:05","modified_gmt":"2020-08-16T00:05:05","slug":"gestiones-hechas-por-el-gobernador-mauricio-vila-dosal-rinden-frutos-ya-que-el-imss-del-gobierno-federal-habilitara-116-camas-adicionales-para-la-atencion-de-pacientes-con-coronavirus-en-el-estado","status":"publish","type":"post","link":"https:\/\/visionpeninsular.com\/mid\/gestiones-hechas-por-el-gobernador-mauricio-vila-dosal-rinden-frutos-ya-que-el-imss-del-gobierno-federal-habilitara-116-camas-adicionales-para-la-atencion-de-pacientes-con-coronavirus-en-el-estado\/","title":{"rendered":"Gestiones hechas por el Gobernador Mauricio Vila Dosal rinden frutos, ya que el IMSS del gobierno federal habilitar\u00e1 116 camas adicionales para la atenci\u00f3n de pacientes con Coronavirus en el estado"},"content":{"rendered":"\n<p>M\u00e9rida, Yucat\u00e1n, 15 de agosto de 2020.- Las gestiones realizadas por el Gobernador Mauricio Vila Dosal rindieron frutos, pues el Instituto Mexicano del Seguro Social (IMSS) habilitar\u00e1, en la segunda quincena de agosto, 116 camas adicionales para la atenci\u00f3n de pacientes con Coronavirus en el estado.<\/p>\n\n\n\n<p>Durante una reuni\u00f3n virtual entre Vila Dosal y el director del IMSS, Zo\u00e9 Robledo Aburto, para dar seguimiento a los avances en el trabajo coordinado que se ha estado llevando a cabo, se detall\u00f3 que, con la habilitaci\u00f3n de las 116 camas adicionales, sumar\u00edan poco m\u00e1s de 400 camas en las \u00e1reas de atenci\u00f3n a este padecimiento en los hospitales del IMSS, como parte del proceso de reconversi\u00f3n hospitalaria que ha desarrollado el Instituto en Yucat\u00e1n.<\/p>\n\n\n\n<p>En el encuentro entre el Gobernador y el director del IMSS se precis\u00f3 que las 116 camas adicionales se destinar\u00e1n a los hospitales que dependen del Gobierno Federal de la siguiente manera: 54 estar\u00e1n en el Hospital General Regional No. 12 \u201cBenito Ju\u00e1rez Garc\u00eda\u201d, 44 en el Hospital Regional \u201cIgnacio Garc\u00eda T\u00e9llez\u201d, mejor conocido como T-1, y 18 en el Centro de Seguridad Social de la delegaci\u00f3n del IMSS en Yucat\u00e1n, que funcionar\u00e1 como espacio de atenci\u00f3n temporal para pacientes convalecientes de Coronavirus.<\/p>\n\n\n\n<p>Al respecto, Vila Dosal se\u00f1al\u00f3 que \u00e9sta es una muy buena noticia para Yucat\u00e1n que viene a ayudar mucho al sistema de salud, ya que no solo permite mejorar la atenci\u00f3n a los yucatecos, sino que tambi\u00e9n contribuye a que se siga avanzando en el proceso de la reactivaci\u00f3n econ\u00f3mica del estado, que tambi\u00e9n es un tema que urge para no seguir afectando el bolsillo de los negocios y las familias yucatecas.<\/p>\n\n\n\n<p>De igual manera, Vila Dosal agradeci\u00f3 el esfuerzo que se est\u00e1 realizando para ampliar la capacidad hospitalaria en favor de la poblaci\u00f3n yucateca y reiter\u00f3 que cuentan con todo el apoyo el Gobierno del Estado en lo que se necesite.<\/p>\n\n\n\n<p>Por su parte, el director del IMSS resalt\u00f3 que se ha percibido un descenso en la ocupaci\u00f3n hospitalaria en el estado, sin embargo, a\u00fan es leve, por lo que llam\u00f3 a la corresponsabilidad de la poblaci\u00f3n para continuar avanzando.<\/p>\n\n\n\n<p>En el marco de la reuni\u00f3n, tambi\u00e9n se abord\u00f3 el tema del personal del IMSS que se encuentra bajo licencia y se inform\u00f3 que ya est\u00e1 en curso el proceso de reincorporaci\u00f3n. Actualmente, el Instituto est\u00e1 citando a sus trabajadores para valorar su estado de salud y muchos ya est\u00e1n regresando a sus actividades.<\/p>\n\n\n\n<p>Asimismo, el Gobernador gestion\u00f3 y logr\u00f3 que funcionarios del IMSS, en coordinaci\u00f3n con el Gobierno del Estado, se re\u00fanan con integrantes de c\u00e1maras empresariales para presentar los mecanismos de apoyo que el instituto tiene para apoyar a la iniciativa privada.<\/p>\n\n\n\n<p>En su turno, el titular dela Secretar\u00eda de Salud del estado (SSY), Mauricio Sauri Vivas, quien tambi\u00e9n particip\u00f3 en la reuni\u00f3n, resalt\u00f3 la coordinaci\u00f3n que ha mantenido el Gobierno del Estado con el IMSS para transferir a pacientes de sus nosocomios, que dependen del Gobierno federal, al hospital temporal del Siglo XXI a que finalicen su recuperaci\u00f3n.<\/p>\n\n\n\n<p>En el encuentro tambi\u00e9n estuvieron presentes los directores de Prestaciones M\u00e9dicas, V\u00edctor Hugo Borja Aburto y de Vinculaci\u00f3n Institucional y Evaluaci\u00f3n de Delegaciones del IMSS, David Raz\u00fa Aznar, as\u00ed como la delegada estatal de ese instituto, Miriam S\u00e1nchez Castro. De igual forma, el subdirector de Salud P\u00fablica, Carlos Isaac Hern\u00e1ndez Fuentes, y el director de Planeaci\u00f3n y Desarrollo de la SSY, Sa\u00fal de los Santos Briones<\/p>\n<div class='share-to-whatsapp-wrapper'><div class='share-on-whsp'>Share on: <\/div><a data-text='Gestiones hechas por el Gobernador Mauricio Vila Dosal rinden frutos, ya que el IMSS del gobierno federal habilitar\u00e1 116 camas adicionales para la atenci\u00f3n de pacientes con Coronavirus en el estado' data-link='https:\/\/visionpeninsular.com\/mid\/gestiones-hechas-por-el-gobernador-mauricio-vila-dosal-rinden-frutos-ya-que-el-imss-del-gobierno-federal-habilitara-116-camas-adicionales-para-la-atencion-de-pacientes-con-coronavirus-en-el-estado\/' class='whatsapp-button whatsapp-share'>WhatsApp<\/a><div class='clear '><\/div><\/div>","protected":false},"excerpt":{"rendered":"<p>M\u00e9rida, Yucat\u00e1n, 15 de agosto de 2020.- Las gestiones realizadas por el Gobernador Mauricio Vila Dosal rindieron frutos, pues el Instituto Mexicano del Seguro Social (IMSS) habilitar\u00e1, en la segunda quincena de agosto, 116 camas adicionales para la atenci\u00f3n de pacientes con Coronavirus en el estado. Durante una reuni\u00f3n virtual entre Vila Dosal y el &hellip;<\/p>\n","protected":false},"author":1,"featured_media":132544,"comment_status":"open","ping_status":"open","sticky":false,"template":"","format":"standard","meta":{"_mi_skip_tracking":false},"categories":[49,37],"tags":[19772,1370],"_links":{"self":[{"href":"https:\/\/visionpeninsular.com\/mid\/wp-json\/wp\/v2\/posts\/132543"}],"collection":[{"href":"https:\/\/visionpeninsular.com\/mid\/wp-json\/wp\/v2\/posts"}],"about":[{"href":"https:\/\/visionpeninsular.com\/mid\/wp-json\/wp\/v2\/types\/post"}],"author":[{"embeddable":true,"href":"https:\/\/visionpeninsular.com\/mid\/wp-json\/wp\/v2\/users\/1"}],"replies":[{"embeddable":true,"href":"https:\/\/visionpeninsular.com\/mid\/wp-json\/wp\/v2\/comments?post=132543"}],"version-history":[{"count":1,"href":"https:\/\/visionpeninsular.com\/mid\/wp-json\/wp\/v2\/posts\/132543\/revisions"}],"predecessor-version":[{"id":132545,"href":"https:\/\/visionpeninsular.com\/mid\/wp-json\/wp\/v2\/posts\/132543\/revisions\/132545"}],"wp:featuredmedia":[{"embeddable":true,"href":"https:\/\/visionpeninsular.com\/mid\/wp-json\/wp\/v2\/media\/132544"}],"wp:attachment":[{"href":"https:\/\/visionpeninsular.com\/mid\/wp-json\/wp\/v2\/media?parent=132543"}],"wp:term":[{"taxonomy":"category","embeddable":true,"href":"https:\/\/visionpeninsular.com\/mid\/wp-json\/wp\/v2\/categories?post=132543"},{"taxonomy":"post_tag","embeddable":true,"href":"https:\/\/visionpeninsular.com\/mid\/wp-json\/wp\/v2\/tags?post=132543"}],"curies":[{"name":"wp","href":"https:\/\/api.w.org\/{rel}","templated":true}]}}