{"id":13231,"date":"2016-09-26T05:56:22","date_gmt":"2016-09-26T10:56:22","guid":{"rendered":"http:\/\/visionpeninsular.com\/mid\/?p=13231"},"modified":"2016-09-26T05:56:22","modified_gmt":"2016-09-26T10:56:22","slug":"taxis-protestaran-vs-uber","status":"publish","type":"post","link":"https:\/\/visionpeninsular.com\/mid\/taxis-protestaran-vs-uber\/","title":{"rendered":"Taxistas preparan mega protesta contra Uber"},"content":{"rendered":"<p>El Frente Pen\u00ednsular de Taxistas inform\u00f3 que en el marco de la protesta programada para este martes en el sureste mexicano contra Uber se entregar\u00e1 tanto a la Presidencia de la Rep\u00fablica, Congreso de la Uni\u00f3n y C\u00e1mara de Diputados, un pliego petitorio exigiendo la salida del Pa\u00eds de la plataforma tecnol\u00f3gica de transporte.<\/p>\n<p>Cabe mencionar que se espera que la ma\u00f1ana del martes, en Quintana Roo, Yucat\u00e1n, Campeche, Veracruz y Chiapas los taxistas organicen una rodada, tomen carreteras federales y estatales como medida de protesta contra la presencia de Uber en las ciudades.<\/p>\n<p>De acuerdo a un comunicado del Sindicato de Taxistas \u201cAndr\u00e9s Quintana Roo\u201d, la manifestaci\u00f3n finalizar\u00e1 en M\u00e9rida, donde los l\u00edderes de taxistas se reunir\u00e1n para presentar el pliego petitorio. <\/p>\n<p>Cabe mencionar que de manera independiente del conflicto que tienen los taxistas con los conductores Uber, m\u00e1s de 9 mil 500 ciudadanos en Quintana Roo han firmado la petici\u00f3n de change.org para que Uber permanezca en los destinos del Estado. <\/p>\n<div class='share-to-whatsapp-wrapper'><div class='share-on-whsp'>Share on: <\/div><a data-text='Taxistas preparan mega protesta contra Uber' data-link='https:\/\/visionpeninsular.com\/mid\/taxis-protestaran-vs-uber\/' class='whatsapp-button whatsapp-share'>WhatsApp<\/a><div class='clear '><\/div><\/div>","protected":false},"excerpt":{"rendered":"<p>El Frente Pen\u00ednsular de Taxistas inform\u00f3 que en el marco de la protesta programada para este martes en el sureste mexicano contra Uber se entregar\u00e1 tanto a la Presidencia de la Rep\u00fablica, Congreso de la Uni\u00f3n y C\u00e1mara de Diputados, un pliego petitorio exigiendo la salida del Pa\u00eds de la plataforma tecnol\u00f3gica de transporte. Cabe &hellip;<\/p>\n","protected":false},"author":1,"featured_media":13232,"comment_status":"open","ping_status":"open","sticky":false,"template":"","format":"standard","meta":{"_mi_skip_tracking":false},"categories":[48],"tags":[594,2851,207],"_links":{"self":[{"href":"https:\/\/visionpeninsular.com\/mid\/wp-json\/wp\/v2\/posts\/13231"}],"collection":[{"href":"https:\/\/visionpeninsular.com\/mid\/wp-json\/wp\/v2\/posts"}],"about":[{"href":"https:\/\/visionpeninsular.com\/mid\/wp-json\/wp\/v2\/types\/post"}],"author":[{"embeddable":true,"href":"https:\/\/visionpeninsular.com\/mid\/wp-json\/wp\/v2\/users\/1"}],"replies":[{"embeddable":true,"href":"https:\/\/visionpeninsular.com\/mid\/wp-json\/wp\/v2\/comments?post=13231"}],"version-history":[{"count":2,"href":"https:\/\/visionpeninsular.com\/mid\/wp-json\/wp\/v2\/posts\/13231\/revisions"}],"predecessor-version":[{"id":13234,"href":"https:\/\/visionpeninsular.com\/mid\/wp-json\/wp\/v2\/posts\/13231\/revisions\/13234"}],"wp:featuredmedia":[{"embeddable":true,"href":"https:\/\/visionpeninsular.com\/mid\/wp-json\/wp\/v2\/media\/13232"}],"wp:attachment":[{"href":"https:\/\/visionpeninsular.com\/mid\/wp-json\/wp\/v2\/media?parent=13231"}],"wp:term":[{"taxonomy":"category","embeddable":true,"href":"https:\/\/visionpeninsular.com\/mid\/wp-json\/wp\/v2\/categories?post=13231"},{"taxonomy":"post_tag","embeddable":true,"href":"https:\/\/visionpeninsular.com\/mid\/wp-json\/wp\/v2\/tags?post=13231"}],"curies":[{"name":"wp","href":"https:\/\/api.w.org\/{rel}","templated":true}]}}