{"id":132156,"date":"2020-08-10T11:29:28","date_gmt":"2020-08-10T16:29:28","guid":{"rendered":"http:\/\/visionpeninsular.com\/mid\/?p=132156"},"modified":"2020-08-10T11:29:39","modified_gmt":"2020-08-10T16:29:39","slug":"policias-municipales-de-kinchil-a-prision-preventiva-por-violacion-y-robo","status":"publish","type":"post","link":"https:\/\/visionpeninsular.com\/mid\/policias-municipales-de-kinchil-a-prision-preventiva-por-violacion-y-robo\/","title":{"rendered":"Polic\u00edas municipales de Kinchil  a prisi\u00f3n preventiva por violaci\u00f3n y robo"},"content":{"rendered":"\n<p>Por su presunta participaci\u00f3n en los delitos de violaci\u00f3n y robo, ocurridos en la localidad de Kinchil, la Fiscal\u00eda General del Estado (FGE) formul\u00f3 la imputaci\u00f3n a H.R.A. y M.H.K.Ch. y se presentaron los argumentos para solicitar la medida cautelar de prisi\u00f3n preventiva, misma que fue otorgada de manera oficiosa por la Juez Primera de Control del Cuarto Distrito Judicial.<\/p>\n\n\n\n<p>De acuerdo con la indagatoria realizada por la Fiscal\u00eda, los hechos ocurrieron el pasado cinco de agosto en un predio de la calle 11, en la citada localidad, donde los imputados haciendo uso de la violencia f\u00edsica y moral, presuntamente cometieron el delito de violaci\u00f3n agravada en contra de una mujer de identidad reservada.<\/p>\n\n\n\n<p>La indagatoria arroj\u00f3 que adem\u00e1s del agravio f\u00edsico, aparentemente los imputados se apoderaron de una cantidad de dinero en efectivo, que la v\u00edctima ten\u00eda en su cartera, misma que recuper\u00f3, as\u00ed como su celular, con el que logr\u00f3 pedir ayuda por lo que se detuvo a los hoy imputados quienes fueron turnados a la Fiscal\u00eda donde se inici\u00f3 con la integraci\u00f3n de la carpeta de investigaci\u00f3n que deriv\u00f3 en la causa penal 46\/2020.<\/p>\n\n\n\n<p>Durante la audiencia celebrada en el Centro de Justicia Oral de Um\u00e1n, se decret\u00f3 la legalidad en la detenci\u00f3n y los fiscales adscritos, tras formular la imputaci\u00f3n de los delitos, presentaron los datos de prueba para solicitar la vinculaci\u00f3n a proceso de los imputados, quienes se acogieron a la ampliaci\u00f3n del t\u00e9rmino legal para definir su situaci\u00f3n jur\u00eddica, por lo que la Juez de Control estableci\u00f3 que la audiencia contin\u00fae el pr\u00f3ximo 13 de agosto.<\/p>\n<div class='share-to-whatsapp-wrapper'><div class='share-on-whsp'>Share on: <\/div><a data-text='Polic\u00edas municipales de Kinchil  a prisi\u00f3n preventiva por violaci\u00f3n y robo' data-link='https:\/\/visionpeninsular.com\/mid\/policias-municipales-de-kinchil-a-prision-preventiva-por-violacion-y-robo\/' class='whatsapp-button whatsapp-share'>WhatsApp<\/a><div class='clear '><\/div><\/div>","protected":false},"excerpt":{"rendered":"<p>Por su presunta participaci\u00f3n en los delitos de violaci\u00f3n y robo, ocurridos en la localidad de Kinchil, la Fiscal\u00eda General del Estado (FGE) formul\u00f3 la imputaci\u00f3n a H.R.A. y M.H.K.Ch. y se presentaron los argumentos para solicitar la medida cautelar de prisi\u00f3n preventiva, misma que fue otorgada de manera oficiosa por la Juez Primera de &hellip;<\/p>\n","protected":false},"author":5,"featured_media":132160,"comment_status":"open","ping_status":"open","sticky":false,"template":"","format":"standard","meta":{"_mi_skip_tracking":false},"categories":[50,37],"tags":[7706,23083],"_links":{"self":[{"href":"https:\/\/visionpeninsular.com\/mid\/wp-json\/wp\/v2\/posts\/132156"}],"collection":[{"href":"https:\/\/visionpeninsular.com\/mid\/wp-json\/wp\/v2\/posts"}],"about":[{"href":"https:\/\/visionpeninsular.com\/mid\/wp-json\/wp\/v2\/types\/post"}],"author":[{"embeddable":true,"href":"https:\/\/visionpeninsular.com\/mid\/wp-json\/wp\/v2\/users\/5"}],"replies":[{"embeddable":true,"href":"https:\/\/visionpeninsular.com\/mid\/wp-json\/wp\/v2\/comments?post=132156"}],"version-history":[{"count":1,"href":"https:\/\/visionpeninsular.com\/mid\/wp-json\/wp\/v2\/posts\/132156\/revisions"}],"predecessor-version":[{"id":132161,"href":"https:\/\/visionpeninsular.com\/mid\/wp-json\/wp\/v2\/posts\/132156\/revisions\/132161"}],"wp:featuredmedia":[{"embeddable":true,"href":"https:\/\/visionpeninsular.com\/mid\/wp-json\/wp\/v2\/media\/132160"}],"wp:attachment":[{"href":"https:\/\/visionpeninsular.com\/mid\/wp-json\/wp\/v2\/media?parent=132156"}],"wp:term":[{"taxonomy":"category","embeddable":true,"href":"https:\/\/visionpeninsular.com\/mid\/wp-json\/wp\/v2\/categories?post=132156"},{"taxonomy":"post_tag","embeddable":true,"href":"https:\/\/visionpeninsular.com\/mid\/wp-json\/wp\/v2\/tags?post=132156"}],"curies":[{"name":"wp","href":"https:\/\/api.w.org\/{rel}","templated":true}]}}