{"id":131794,"date":"2020-08-04T15:47:06","date_gmt":"2020-08-04T20:47:06","guid":{"rendered":"http:\/\/visionpeninsular.com\/mid\/?p=131794"},"modified":"2020-08-04T15:47:10","modified_gmt":"2020-08-04T20:47:10","slug":"regresan-a-laborar-mas-de-650-trabajadores-de-salud-en-campeche","status":"publish","type":"post","link":"https:\/\/visionpeninsular.com\/mid\/regresan-a-laborar-mas-de-650-trabajadores-de-salud-en-campeche\/","title":{"rendered":"Regresan a laborar m\u00e1s de 650 trabajadores de salud en Campeche"},"content":{"rendered":"\n<p>La dirigenta de la Secci\u00f3n 47 del Sindicato Nacional de Trabajadores de la Secretar\u00eda de la Salud (SNTSS), Martha Albores Avenda\u00f1o, consider\u00f3 oportuno el regreso paulatino de los trabajadores del sector a partir de este 3 de agosto, pero se debe garantizar que no sea poblaci\u00f3n vulnerable al coronavirus (Covid-19), ni asintom\u00e1ticos.<\/p>\n\n\n\n<p>Conforme al \u00faltimo oficio que emiti\u00f3 la Secretar\u00eda de Salud (SSA) de comenzar el regreso paulatino de los trabajadores que se encontraba en resguardo domiciliario a partir del 3 de agosto, dijo estar de acuerdo.<\/p>\n\n\n\n<p>Como lideresa sindical, adelant\u00f3 que estar\u00e1 muy atenta a que se tomen todas las medidas necesarias, y de manera consciente, especialmente por aquellos compa\u00f1eros de 60 a\u00f1os de edad y m\u00e1s, y quienes tengan enfermedades cr\u00f3nico- degenerativas como diabetes, hipertensi\u00f3n, y c\u00e1ncer, por mencionar algunas.<\/p>\n\n\n\n<p>Extern\u00f3 estar de acuerdo en platicar y acordar con el titular de la SSA, Jos\u00e9 Luis Gonz\u00e1lez Pinz\u00f3n, para definir exactamente qui\u00e9nes y cu\u00e1ntos de los casi 500 trabajadores en resguardo son los que van a reincorporarse de manera gradual.<\/p>\n\n\n\n<p>En este sentido, refrend\u00f3 la recomendaci\u00f3n del secretario general de la Federaci\u00f3n de Sindicatos de Trabajadores al Servicio del Estado (FSTSE), Joel Ayala Almeida, de que a todos los trabajadores, en este caso del sector salud, antes de regresar a laborar hay que hacerles la prueba para detectar si tienen o no Covid-19.<\/p>\n\n\n\n<p>\u201cEstar\u00e9 al tanto de que se les haga la prueba antes de que entren a los hospitales, porque no vaya a ser que regrese alguien asintom\u00e1tico, y venga a contagiar a los que est\u00e1n bien y laborando\u201d.<\/p>\n\n\n\n<p>Albores Avenda\u00f1o resalt\u00f3 nuevamente que preocupa y ocupa el personal que est\u00e1 en primera l\u00ednea de fuego, pues ya est\u00e1n cansados f\u00edsica y mentalmente, ya que es muy estresante la situaci\u00f3n que enfrentan.<\/p>\n\n\n\n<p>Tan es as\u00ed que se insistir\u00e1 ante el Gobierno del Estado en que reconozca de manera econ\u00f3mica esa ardua labor que est\u00e1n haciendo doctores, personal de enfermer\u00eda y param\u00e9dicos, que est\u00e1n desde el inicio de la pandemia.<\/p>\n\n\n\n<p>En relaci\u00f3n a que varios trabajadores de la SSA manifestaron que se les har\u00e1 justicia con el regreso paulatino de aquellos que solicitaron permiso sin padecer alguna enfermedad cr\u00f3nica, la lideresa sindical asegur\u00f3 estar de acuerdo, y que se investigue de ser necesario.<\/p>\n\n\n\n<p>\u201cEstamos totalmente de acuerdo en apoyar a esos trabajadores que s\u00ed tienen problemas de salud, sobre todo a los que est\u00e1n en la primera l\u00ednea de fuego, porque no es justo que unos se queden rompi\u00e9ndose el alma, y otros se vayan a resguardar, pero que al final algunos no lo respetaron\u201d.<\/p>\n\n\n\n<p>Y anticip\u00f3 que si hay alg\u00fan o algunos trabajadores que no cumplieron con lo que se solicit\u00f3 para poder pedir permiso y ser parte del grupo de riesgo al Covid, la SSA lo tienen en sus manos, pues ellos entregaron lo que les pidieron: la orden del m\u00e9dico tratante, y la dependencia puede hacer las investigaciones, y est\u00e1 totalmente de acuerdo.<\/p>\n<div class='share-to-whatsapp-wrapper'><div class='share-on-whsp'>Share on: <\/div><a data-text='Regresan a laborar m\u00e1s de 650 trabajadores de salud en Campeche' data-link='https:\/\/visionpeninsular.com\/mid\/regresan-a-laborar-mas-de-650-trabajadores-de-salud-en-campeche\/' class='whatsapp-button whatsapp-share'>WhatsApp<\/a><div class='clear '><\/div><\/div>","protected":false},"excerpt":{"rendered":"<p>La dirigenta de la Secci\u00f3n 47 del Sindicato Nacional de Trabajadores de la Secretar\u00eda de la Salud (SNTSS), Martha Albores Avenda\u00f1o, consider\u00f3 oportuno el regreso paulatino de los trabajadores del sector a partir de este 3 de agosto, pero se debe garantizar que no sea poblaci\u00f3n vulnerable al coronavirus (Covid-19), ni asintom\u00e1ticos. Conforme al \u00faltimo &hellip;<\/p>\n","protected":false},"author":1,"featured_media":131795,"comment_status":"open","ping_status":"open","sticky":false,"template":"","format":"standard","meta":{"_mi_skip_tracking":false},"categories":[38,45],"tags":[186,22958],"_links":{"self":[{"href":"https:\/\/visionpeninsular.com\/mid\/wp-json\/wp\/v2\/posts\/131794"}],"collection":[{"href":"https:\/\/visionpeninsular.com\/mid\/wp-json\/wp\/v2\/posts"}],"about":[{"href":"https:\/\/visionpeninsular.com\/mid\/wp-json\/wp\/v2\/types\/post"}],"author":[{"embeddable":true,"href":"https:\/\/visionpeninsular.com\/mid\/wp-json\/wp\/v2\/users\/1"}],"replies":[{"embeddable":true,"href":"https:\/\/visionpeninsular.com\/mid\/wp-json\/wp\/v2\/comments?post=131794"}],"version-history":[{"count":1,"href":"https:\/\/visionpeninsular.com\/mid\/wp-json\/wp\/v2\/posts\/131794\/revisions"}],"predecessor-version":[{"id":131796,"href":"https:\/\/visionpeninsular.com\/mid\/wp-json\/wp\/v2\/posts\/131794\/revisions\/131796"}],"wp:featuredmedia":[{"embeddable":true,"href":"https:\/\/visionpeninsular.com\/mid\/wp-json\/wp\/v2\/media\/131795"}],"wp:attachment":[{"href":"https:\/\/visionpeninsular.com\/mid\/wp-json\/wp\/v2\/media?parent=131794"}],"wp:term":[{"taxonomy":"category","embeddable":true,"href":"https:\/\/visionpeninsular.com\/mid\/wp-json\/wp\/v2\/categories?post=131794"},{"taxonomy":"post_tag","embeddable":true,"href":"https:\/\/visionpeninsular.com\/mid\/wp-json\/wp\/v2\/tags?post=131794"}],"curies":[{"name":"wp","href":"https:\/\/api.w.org\/{rel}","templated":true}]}}