{"id":131686,"date":"2020-08-03T10:03:44","date_gmt":"2020-08-03T15:03:44","guid":{"rendered":"http:\/\/visionpeninsular.com\/mid\/?p=131686"},"modified":"2020-08-03T10:03:52","modified_gmt":"2020-08-03T15:03:52","slug":"vida-saludable-la-nueva-materia-de-la-sep-en-que-consiste-y-para-que-sirve","status":"publish","type":"post","link":"https:\/\/visionpeninsular.com\/mid\/vida-saludable-la-nueva-materia-de-la-sep-en-que-consiste-y-para-que-sirve\/","title":{"rendered":"&#8216;Vida Saludable&#8217;, la nueva materia de la SEP; \u00bfen qu\u00e9 consiste y para qu\u00e9 sirve?"},"content":{"rendered":"\n<p>Durante la conferencia matutina del presidente&nbsp;<strong>Andr\u00e9s Manuel L\u00f3pez Obrador<\/strong>, el secretario de&nbsp;<strong>Educaci\u00f3n P\u00fablica<\/strong>,&nbsp;<strong>Esteban Moctezuma Barrag\u00e1n,<\/strong>&nbsp;inform\u00f3 que en el pr\u00f3ximo&nbsp;<strong>ciclo escolar de educaci\u00f3n b\u00e1sica,<\/strong>&nbsp;que iniciar\u00e1 el 24 de agosto a distancia, se impartir\u00e1 una&nbsp;<strong>nueva asignatura<\/strong>:<strong><em>Vida Saludable<\/em><\/strong>. Aqu\u00ed te contamos en qu\u00e9 consiste y por qu\u00e9 toma relevancia durante esta<strong>&nbsp;pandemia por coronavirus<\/strong>.<\/p>\n\n\n\n<blockquote class=\"wp-block-quote\"><p>\u201cEn el mediano y largo plazo nos vamos a defender de la pandemia fortaleciendo nuestro sistema inmune, con una sana nutrici\u00f3n, con ejercicio e higiene personal, para lo cual incorporaremos por instrucciones del presidente&nbsp;<strong>Andr\u00e9s Manuel L\u00f3pez Obrador<\/strong>&nbsp;la asignatura<em><strong>Vida Saludable<\/strong><\/em>\u201d, indic\u00f3 desde Palacio Nacional, el titular de la SEP.<\/p><\/blockquote>\n\n\n\n<p>Explic\u00f3 que las clases que iniciar\u00e1n el 24 de agosto para el ciclo escolar 2020-2021, ser\u00e1n a distancia, pues la pandemia \u201cexige esfuerzos extraordinarios\u201d. Adem\u00e1s anunci\u00f3 que las clases presenciales s\u00f3lo se dar\u00e1n cuando el sem\u00e1foro est\u00e9 en verde.<\/p>\n\n\n\n<blockquote class=\"wp-block-quote\"><p>\u201cEl riesgo para la salud y la vida sigue siendo alto. La realidad nos obliga a tener paciencia y prudencia, de lo contrario nos puede suceder como Israel, Francia, Reino Unido. En M\u00e9xico las clases presenciales solo se dar\u00e1n con sem\u00e1foro verde. En los estados ser\u00e1 de manera gradual\u201d, coment\u00f3 el secretario Esteban Moctezuma.<\/p><\/blockquote>\n\n\n\n<p>Asimismo, reiter\u00f3 que el hecho de que 40 millones de personas se queden en casa, \u201cla pandemia ser\u00e1 manejable\u201d. Para seguir con el aprendizaje a distancia, extern\u00f3 que se har\u00e1 el uso de libros de texto, los cuales se har\u00e1n llegar por el magisterio y las fuerzas armadas:<\/p>\n\n\n\n<div class=\"wp-block-image\"><figure class=\"aligncenter size-large is-resized\"><img loading=\"lazy\" src=\"http:\/\/visionpeninsular.com\/mid\/wp-content\/uploads\/2020\/08\/menores-en-contingencia-2-1024x576.jpg\" alt=\"\" class=\"wp-image-131690\" width=\"310\" height=\"174\" srcset=\"https:\/\/visionpeninsular.com\/mid\/wp-content\/uploads\/2020\/08\/menores-en-contingencia-2-1024x576.jpg 1024w, https:\/\/visionpeninsular.com\/mid\/wp-content\/uploads\/2020\/08\/menores-en-contingencia-2-300x169.jpg 300w, https:\/\/visionpeninsular.com\/mid\/wp-content\/uploads\/2020\/08\/menores-en-contingencia-2-768x432.jpg 768w, https:\/\/visionpeninsular.com\/mid\/wp-content\/uploads\/2020\/08\/menores-en-contingencia-2.jpg 1200w\" sizes=\"(max-width: 310px) 100vw, 310px\" \/><\/figure><\/div>\n\n\n\n<blockquote class=\"wp-block-quote\"><p>\u201cLa educaci\u00f3n a distancia tiene base pedag\u00f3gica s\u00f3lida. Los alumnos podr\u00e1n seguir su aprendizaje con la ayuda de los libros de texto. Corresponder\u00e1 al magisterio y las fuerzas armadas la distribuci\u00f3n de los libros. Las instituciones aut\u00f3nomas decidir\u00e1n de manera independiente el regreso, siempre y cuando cumplan con los protocolos sanitarios\u201d, agreg\u00f3.<\/p><\/blockquote>\n\n\n\n<h4><strong>\u00bfDe qu\u00e9 trata la nueva asignatura&nbsp;<em>Vida Saludable<\/em>&nbsp;de la SEP?<\/strong><\/h4>\n\n\n\n<p>Para el<strong>&nbsp;nuevo ciclo escolar 2020-2021<\/strong>, los<strong>&nbsp;alumnos de educaci\u00f3n p\u00fablica nivel b\u00e1sico&nbsp;<\/strong>tendr\u00e1n la nueva materia<em><strong>Vida Saludable<\/strong><\/em>&nbsp;con el fin de que&nbsp;<a href=\"https:\/\/www.milenio.com\/politica\/amlo-pide-incluir-libros-texto-materia-vida-saludable\" target=\"_blank\" rel=\"noreferrer noopener\">haya una cultura del cuidado personal y de salud<\/a>. En esta&nbsp;<strong>asignatura se tocar\u00e1n los siguientes temas<\/strong>:<\/p>\n\n\n\n<ul><li>Nutrici\u00f3n<\/li><li>Activaci\u00f3n f\u00edsica<\/li><li>Salud mental<\/li><li>Higiene personal<\/li><li>Higiene familiar<\/li><li>Programa de limpieza<\/li><\/ul>\n\n\n\n<h4><strong>\u00bfPara qu\u00e9 sirve la nueva materia&nbsp;<em>Vida Saludable<\/em>&nbsp;de la SEP?<\/strong><\/h4>\n\n\n\n<p>El pasado 18 de junio, el presidente Andr\u00e9s Manuel L\u00f3pez Obrador, afirm\u00f3 que la materia<em><strong>Vida saludable<\/strong><\/em>&nbsp;de&nbsp;<a href=\"https:\/\/www.milenio.com\/politica\/amlo-pide-incluir-libros-texto-materia-vida-saludable\" target=\"_blank\" rel=\"noreferrer noopener\">prevenci\u00f3n y educaci\u00f3n para la salud en los libros de texto, incluir\u00e1 el da\u00f1o que causa la comida chatarra<\/a>, con el fin de ayudar a que los mexicanos est\u00e9n sanos y puedan enfrentar mejor cualquier enfermedad o epidemia.<\/p>\n\n\n\n<p>Al encabezar la supervisi\u00f3n del programa,&nbsp;<strong><em>La escuela es nuestra<\/em><\/strong>, el mandatario e<strong>xplic\u00f3 que la alimentaci\u00f3n debe basarse en los productos que se producen en las diferentes regiones del pa\u00eds<\/strong>, as\u00ed como ma\u00edz y frijoles.<\/p>\n\n\n\n<div class=\"wp-block-image\"><figure class=\"aligncenter size-large is-resized\"><img loading=\"lazy\" src=\"http:\/\/visionpeninsular.com\/mid\/wp-content\/uploads\/2020\/08\/campo-yucateco.jpg\" alt=\"\" class=\"wp-image-131689\" width=\"326\" height=\"202\" srcset=\"https:\/\/visionpeninsular.com\/mid\/wp-content\/uploads\/2020\/08\/campo-yucateco.jpg 800w, https:\/\/visionpeninsular.com\/mid\/wp-content\/uploads\/2020\/08\/campo-yucateco-300x186.jpg 300w, https:\/\/visionpeninsular.com\/mid\/wp-content\/uploads\/2020\/08\/campo-yucateco-768x477.jpg 768w\" sizes=\"(max-width: 326px) 100vw, 326px\" \/><\/figure><\/div>\n\n\n\n<blockquote class=\"wp-block-quote\"><p>\u201cUna materia de orientaci\u00f3n, prevenci\u00f3n, educaci\u00f3n para la salud, el que tengamos todos los conocimientos de c\u00f3mo alimentarnos bien, nutrirnos bien que no significa comer cosas caras, ex\u00f3ticas, industrializadas, es comer lo que se produce en las regiones: el ma\u00edz, el frijol, verduras, comer alimentos sin qu\u00edmicos, sin hormonas.<\/p><\/blockquote>\n\n\n\n<blockquote class=\"wp-block-quote\"><p>\u201cEs<strong>&nbsp;eliminar por completo por el da\u00f1o que causan los productos chatarra<\/strong>&nbsp;eso tiene que&nbsp;<strong>estar en los libros de texto y se tiene que convertir en una materia para que estemos sanos y podamos enfrentar cualquier enfermedad<\/strong>\u201d, dijo en el municipio de San Agust\u00edn Tlaxiaco.<\/p><\/blockquote>\n\n\n\n<p>Lo anterior, debido a que durante la&nbsp;<strong>crisis sanitaria por coronavirus<\/strong>, los casos se han incrementado&nbsp;<a href=\"https:\/\/www.milenio.com\/politica\/amlo-pide-incluir-libros-texto-materia-vida-saludable\" target=\"_blank\" rel=\"noreferrer noopener\">debido a que la poblaci\u00f3n mexicana padece de m\u00faltiples enfermedades relacionadas con lo que comen y el descuido de salud<\/a>.<\/p>\n\n\n\n<p>\u201cNos afect\u00f3 mucho el que se tengan enfermos de hipertensi\u00f3n, de diabetes, enfermedades que si bien son hereditarias se estimulan con la mala alimentaci\u00f3n\u201d, agreg\u00f3.\u00a0 (MILENIO)<\/p>\n<div class='share-to-whatsapp-wrapper'><div class='share-on-whsp'>Share on: <\/div><a data-text=''Vida Saludable', la nueva materia de la SEP; \u00bfen qu\u00e9 consiste y para qu\u00e9 sirve?' data-link='https:\/\/visionpeninsular.com\/mid\/vida-saludable-la-nueva-materia-de-la-sep-en-que-consiste-y-para-que-sirve\/' class='whatsapp-button whatsapp-share'>WhatsApp<\/a><div class='clear '><\/div><\/div>","protected":false},"excerpt":{"rendered":"<p>Durante la conferencia matutina del presidente&nbsp;Andr\u00e9s Manuel L\u00f3pez Obrador, el secretario de&nbsp;Educaci\u00f3n P\u00fablica,&nbsp;Esteban Moctezuma Barrag\u00e1n,&nbsp;inform\u00f3 que en el pr\u00f3ximo&nbsp;ciclo escolar de educaci\u00f3n b\u00e1sica,&nbsp;que iniciar\u00e1 el 24 de agosto a distancia, se impartir\u00e1 una&nbsp;nueva asignatura:Vida Saludable. Aqu\u00ed te contamos en qu\u00e9 consiste y por qu\u00e9 toma relevancia durante esta&nbsp;pandemia por coronavirus. \u201cEn el mediano y largo &hellip;<\/p>\n","protected":false},"author":10,"featured_media":131687,"comment_status":"open","ping_status":"open","sticky":false,"template":"","format":"standard","meta":{"_mi_skip_tracking":false},"categories":[19441],"tags":[21183],"_links":{"self":[{"href":"https:\/\/visionpeninsular.com\/mid\/wp-json\/wp\/v2\/posts\/131686"}],"collection":[{"href":"https:\/\/visionpeninsular.com\/mid\/wp-json\/wp\/v2\/posts"}],"about":[{"href":"https:\/\/visionpeninsular.com\/mid\/wp-json\/wp\/v2\/types\/post"}],"author":[{"embeddable":true,"href":"https:\/\/visionpeninsular.com\/mid\/wp-json\/wp\/v2\/users\/10"}],"replies":[{"embeddable":true,"href":"https:\/\/visionpeninsular.com\/mid\/wp-json\/wp\/v2\/comments?post=131686"}],"version-history":[{"count":1,"href":"https:\/\/visionpeninsular.com\/mid\/wp-json\/wp\/v2\/posts\/131686\/revisions"}],"predecessor-version":[{"id":131691,"href":"https:\/\/visionpeninsular.com\/mid\/wp-json\/wp\/v2\/posts\/131686\/revisions\/131691"}],"wp:featuredmedia":[{"embeddable":true,"href":"https:\/\/visionpeninsular.com\/mid\/wp-json\/wp\/v2\/media\/131687"}],"wp:attachment":[{"href":"https:\/\/visionpeninsular.com\/mid\/wp-json\/wp\/v2\/media?parent=131686"}],"wp:term":[{"taxonomy":"category","embeddable":true,"href":"https:\/\/visionpeninsular.com\/mid\/wp-json\/wp\/v2\/categories?post=131686"},{"taxonomy":"post_tag","embeddable":true,"href":"https:\/\/visionpeninsular.com\/mid\/wp-json\/wp\/v2\/tags?post=131686"}],"curies":[{"name":"wp","href":"https:\/\/api.w.org\/{rel}","templated":true}]}}