{"id":131685,"date":"2020-08-03T10:46:57","date_gmt":"2020-08-03T15:46:57","guid":{"rendered":"http:\/\/visionpeninsular.com\/mid\/?p=131685"},"modified":"2020-08-03T10:47:05","modified_gmt":"2020-08-03T15:47:05","slug":"fallece-la-directora-del-patronato-pro-hijo-del-policia-de-la-ssp-yucatan","status":"publish","type":"post","link":"https:\/\/visionpeninsular.com\/mid\/fallece-la-directora-del-patronato-pro-hijo-del-policia-de-la-ssp-yucatan\/","title":{"rendered":"Fallece la directora del Patronato Pro Hijo del Polic\u00eda de la SSP Yucat\u00e1n"},"content":{"rendered":"\n<p>La Secretar\u00eda de Seguridad P\u00fablica (SSP) dio a conocer su pesar por &nbsp;el fallecimiento de Elsa Mar\u00eda Aguilar C\u00e1rdenas, directora del Patronato Pro Hijo del Polic\u00eda.<\/p>\n\n\n\n<p>Mediante una esquela, el secretario de Seguridad P\u00fablica, Luis Said\u00e9n Ojeda, y su esposa, se\u00f1ora Mar\u00eda Ang\u00e9lica Fern\u00e1ndez Nev\u00e1rez, enviaron condolencias a los familiares.<\/p>\n\n\n\n<p>\u201cLuchadora incansable, quien ante la adversidad siempre tuvo una sonrisa, trato gentil y amable hacia todos los polic\u00edas, a quienes sirvi\u00f3 desde el patronato\u201d, cita la esquela.<\/p>\n\n\n\n<p>\u201cReciban nuestro m\u00e1s sentido p\u00e9same la familia Ortega Aguilar, amistades y dem\u00e1s familiares ante tan irreparable p\u00e9rdida\u201d.<\/p>\n<div class='share-to-whatsapp-wrapper'><div class='share-on-whsp'>Share on: <\/div><a data-text='Fallece la directora del Patronato Pro Hijo del Polic\u00eda de la SSP Yucat\u00e1n' data-link='https:\/\/visionpeninsular.com\/mid\/fallece-la-directora-del-patronato-pro-hijo-del-policia-de-la-ssp-yucatan\/' class='whatsapp-button whatsapp-share'>WhatsApp<\/a><div class='clear '><\/div><\/div>","protected":false},"excerpt":{"rendered":"<p>La Secretar\u00eda de Seguridad P\u00fablica (SSP) dio a conocer su pesar por &nbsp;el fallecimiento de Elsa Mar\u00eda Aguilar C\u00e1rdenas, directora del Patronato Pro Hijo del Polic\u00eda. Mediante una esquela, el secretario de Seguridad P\u00fablica, Luis Said\u00e9n Ojeda, y su esposa, se\u00f1ora Mar\u00eda Ang\u00e9lica Fern\u00e1ndez Nev\u00e1rez, enviaron condolencias a los familiares. \u201cLuchadora incansable, quien ante la &hellip;<\/p>\n","protected":false},"author":5,"featured_media":131692,"comment_status":"open","ping_status":"open","sticky":false,"template":"","format":"standard","meta":{"_mi_skip_tracking":false},"categories":[50,37],"tags":[22915,22913,22912,752],"_links":{"self":[{"href":"https:\/\/visionpeninsular.com\/mid\/wp-json\/wp\/v2\/posts\/131685"}],"collection":[{"href":"https:\/\/visionpeninsular.com\/mid\/wp-json\/wp\/v2\/posts"}],"about":[{"href":"https:\/\/visionpeninsular.com\/mid\/wp-json\/wp\/v2\/types\/post"}],"author":[{"embeddable":true,"href":"https:\/\/visionpeninsular.com\/mid\/wp-json\/wp\/v2\/users\/5"}],"replies":[{"embeddable":true,"href":"https:\/\/visionpeninsular.com\/mid\/wp-json\/wp\/v2\/comments?post=131685"}],"version-history":[{"count":1,"href":"https:\/\/visionpeninsular.com\/mid\/wp-json\/wp\/v2\/posts\/131685\/revisions"}],"predecessor-version":[{"id":131693,"href":"https:\/\/visionpeninsular.com\/mid\/wp-json\/wp\/v2\/posts\/131685\/revisions\/131693"}],"wp:featuredmedia":[{"embeddable":true,"href":"https:\/\/visionpeninsular.com\/mid\/wp-json\/wp\/v2\/media\/131692"}],"wp:attachment":[{"href":"https:\/\/visionpeninsular.com\/mid\/wp-json\/wp\/v2\/media?parent=131685"}],"wp:term":[{"taxonomy":"category","embeddable":true,"href":"https:\/\/visionpeninsular.com\/mid\/wp-json\/wp\/v2\/categories?post=131685"},{"taxonomy":"post_tag","embeddable":true,"href":"https:\/\/visionpeninsular.com\/mid\/wp-json\/wp\/v2\/tags?post=131685"}],"curies":[{"name":"wp","href":"https:\/\/api.w.org\/{rel}","templated":true}]}}