{"id":13161,"date":"2016-09-24T06:37:20","date_gmt":"2016-09-24T11:37:20","guid":{"rendered":"http:\/\/visionpeninsular.com\/mid\/?p=13161"},"modified":"2016-09-24T06:37:20","modified_gmt":"2016-09-24T11:37:20","slug":"pronto-construccion-puente-unidad","status":"publish","type":"post","link":"https:\/\/visionpeninsular.com\/mid\/pronto-construccion-puente-unidad\/","title":{"rendered":"Obras del Puente de la Unidad comenzar\u00e1n en breve: SCT"},"content":{"rendered":"<p>La Secretar\u00eda de Comunicaci\u00f3n y Transporte (SCT) Federal es la que est\u00e1 asesorando al Gobierno del Campeche para la construcci\u00f3n del nuevo Puente de la Unidad y la reasignaci\u00f3n de esa infraestructura a concesi\u00f3n tal y como el Gobernador Alejandro Moreno C\u00e1rdenas acord\u00f3 con la Secretar\u00eda de Hacienda y Cr\u00e9dito P\u00fablico (SHCP), aclar\u00f3 Eliasib Polanco Sald\u00edvar, Director SCT en el Estado. <\/p>\n<p>Y es que esa concesi\u00f3n lleva m\u00e1s de nueve a\u00f1os por lo que actualmente es uno de los compromisos del Mandatario que no ha dejado de gestionar para que esa obra concluya en beneficio de los ciudadanos, como un proyecto de calidad asegurada. <\/p>\n<p>Polanco Sald\u00edvar indic\u00f3 que actualmente el proyecto se encuentra en la fase de revisi\u00f3n del mecanismo de inversi\u00f3n y se espera que en las siguientes semanas se reinicien los trabajos de la obra. <\/p>\n<p>En cuanto a los recortes presupuestales anunciados, el funcionario federal, indic\u00f3 que &#8220;Se nos ha pedido en la SCT es ser muy cuidadosos en el tema, estar muy pendientes, incluso estaremos el pr\u00f3ximo martes con la Comisi\u00f3n de Infraestructura del Congreso de la Uni\u00f3n, en particular visitando a los legisladores federales que tienen que ver con el ejercicio y plan del presupuesto\u201d, concluy\u00f3. <\/p>\n<div class='share-to-whatsapp-wrapper'><div class='share-on-whsp'>Share on: <\/div><a data-text='Obras del Puente de la Unidad comenzar\u00e1n en breve: SCT' data-link='https:\/\/visionpeninsular.com\/mid\/pronto-construccion-puente-unidad\/' class='whatsapp-button whatsapp-share'>WhatsApp<\/a><div class='clear '><\/div><\/div>","protected":false},"excerpt":{"rendered":"<p>La Secretar\u00eda de Comunicaci\u00f3n y Transporte (SCT) Federal es la que est\u00e1 asesorando al Gobierno del Campeche para la construcci\u00f3n del nuevo Puente de la Unidad y la reasignaci\u00f3n de esa infraestructura a concesi\u00f3n tal y como el Gobernador Alejandro Moreno C\u00e1rdenas acord\u00f3 con la Secretar\u00eda de Hacienda y Cr\u00e9dito P\u00fablico (SHCP), aclar\u00f3 Eliasib Polanco &hellip;<\/p>\n","protected":false},"author":1,"featured_media":13162,"comment_status":"open","ping_status":"open","sticky":false,"template":"","format":"standard","meta":{"_mi_skip_tracking":false},"categories":[45],"tags":[2924,386],"_links":{"self":[{"href":"https:\/\/visionpeninsular.com\/mid\/wp-json\/wp\/v2\/posts\/13161"}],"collection":[{"href":"https:\/\/visionpeninsular.com\/mid\/wp-json\/wp\/v2\/posts"}],"about":[{"href":"https:\/\/visionpeninsular.com\/mid\/wp-json\/wp\/v2\/types\/post"}],"author":[{"embeddable":true,"href":"https:\/\/visionpeninsular.com\/mid\/wp-json\/wp\/v2\/users\/1"}],"replies":[{"embeddable":true,"href":"https:\/\/visionpeninsular.com\/mid\/wp-json\/wp\/v2\/comments?post=13161"}],"version-history":[{"count":1,"href":"https:\/\/visionpeninsular.com\/mid\/wp-json\/wp\/v2\/posts\/13161\/revisions"}],"predecessor-version":[{"id":13163,"href":"https:\/\/visionpeninsular.com\/mid\/wp-json\/wp\/v2\/posts\/13161\/revisions\/13163"}],"wp:featuredmedia":[{"embeddable":true,"href":"https:\/\/visionpeninsular.com\/mid\/wp-json\/wp\/v2\/media\/13162"}],"wp:attachment":[{"href":"https:\/\/visionpeninsular.com\/mid\/wp-json\/wp\/v2\/media?parent=13161"}],"wp:term":[{"taxonomy":"category","embeddable":true,"href":"https:\/\/visionpeninsular.com\/mid\/wp-json\/wp\/v2\/categories?post=13161"},{"taxonomy":"post_tag","embeddable":true,"href":"https:\/\/visionpeninsular.com\/mid\/wp-json\/wp\/v2\/tags?post=13161"}],"curies":[{"name":"wp","href":"https:\/\/api.w.org\/{rel}","templated":true}]}}