{"id":131351,"date":"2020-07-28T17:21:57","date_gmt":"2020-07-28T22:21:57","guid":{"rendered":"http:\/\/visionpeninsular.com\/mid\/?p=131351"},"modified":"2020-07-28T17:22:01","modified_gmt":"2020-07-28T22:22:01","slug":"va-en-serio-asi-fue-el-primer-arresto-en-tulum-por-no-usar-cubrebocas","status":"publish","type":"post","link":"https:\/\/visionpeninsular.com\/mid\/va-en-serio-asi-fue-el-primer-arresto-en-tulum-por-no-usar-cubrebocas\/","title":{"rendered":"\u00a1Va en serio! As\u00ed fue el primer arresto en Tulum por no usar cubrebocas"},"content":{"rendered":"\n<p><strong>TULUM<\/strong>.- A trav\u00e9s de redes sociales, el Secretario de Seguridad P\u00fablica,&nbsp;<strong>Alberto Capella<\/strong>, expuso el primer&nbsp;<strong>arresto&nbsp;<\/strong>de una persona en el municipio de&nbsp;<strong>Tulum<\/strong>,&nbsp;<strong>por no usar el cubrebocas<\/strong>&nbsp;para evitar los contagios de Covid-19, y es que hay personas que no creen en la existencia del virus y se niegan a seguir las recomendaciones de salud, poniendo en riesgo la vida de las dem\u00e1s personas.<\/p>\n\n\n\n<p>En el\u00a0<strong>video\u00a0<\/strong>se puede observar a dos j\u00f3venes que se encuentran en un\u00a0<strong>parador fotogr\u00e1fico de Tulum sin cubrebocas<\/strong>, por lo que elementos de la Polic\u00eda Quintana Roo se acercan a ellos para cuestionarlos y uno de ellos\u00a0<strong>se niega a utilizarlo<\/strong>, por lo que procedieron a subirlo a patrulla para ponerlo a disposici\u00f3n de un juez c\u00edvico.<\/p>\n\n\n\n<p>Mientras se llevaba a cabo la detenci\u00f3n, el oficial le explic\u00f3 al joven que el&nbsp;<strong>uso de mascarilla es indispensable&nbsp;<\/strong>al circular en espacios p\u00fablicos y est\u00e1 establecido ya por autoridades municipales y estatales.<\/p>\n\n\n\n<p>\u201c<em><strong>Se sancionar\u00e1 con base en el art\u00edculo 30, fracci\u00f3n XV del Reglamento de Justicia C\u00edvica para el municipio de Tulum, con m\u00e1s de 24 a 36 horas de arresto o con una multa de 10 a 50 d\u00edas de salario m\u00ednimo<\/strong><\/em>\u201c, se lee en una imagen que aparece en el video.<\/p>\n\n\n\n<p>Cabe mencionar que en\u00a0<strong>Quintana Roo<\/strong>\u00a0ya son cuatro los municipios que aprobaron estas sanciones para las personas que no respetan las medidas preventivas:\u00a0<strong>Benito Ju\u00e1rez<\/strong>,\u00a0<strong>Cozumel<\/strong>,\u00a0<strong>Oth\u00f3n P. Blanco<\/strong>\u00a0y\u00a0<strong>Tulum<\/strong>.<\/p>\n\n\n\n<p>De acuerdo lo establecido en el&nbsp;<strong>art\u00edculo 537 del reglamento<\/strong>, en&nbsp;<strong>Canc\u00fan&nbsp;<\/strong>los ciudadanos que no respeten las medidas como uso de cubrebocas o distanciamiento sociales podr\u00e1n ser acreedores a una multas que van de 10 y hasta 40 Unidades de Medida y Actualizaci\u00f3n (<strong>UMA $86.88 pesos<\/strong>), equivalentes a&nbsp;<strong>868.80&nbsp;<\/strong>y hasta<strong>&nbsp;3 mil 475 pesos<\/strong>.<\/p>\n\n\n\n<p>En su caso tambi\u00e9n se podr\u00e1n aplicar&nbsp;<strong>36 horas de arresto<\/strong>&nbsp;en el Centro de Retenci\u00f3n Municipal, popularmente conocido como \u201c<strong>El Torito<\/strong>\u201d.<\/p>\n<div class='share-to-whatsapp-wrapper'><div class='share-on-whsp'>Share on: <\/div><a data-text='\u00a1Va en serio! As\u00ed fue el primer arresto en Tulum por no usar cubrebocas' data-link='https:\/\/visionpeninsular.com\/mid\/va-en-serio-asi-fue-el-primer-arresto-en-tulum-por-no-usar-cubrebocas\/' class='whatsapp-button whatsapp-share'>WhatsApp<\/a><div class='clear '><\/div><\/div>","protected":false},"excerpt":{"rendered":"<p>TULUM.- A trav\u00e9s de redes sociales, el Secretario de Seguridad P\u00fablica,&nbsp;Alberto Capella, expuso el primer&nbsp;arresto&nbsp;de una persona en el municipio de&nbsp;Tulum,&nbsp;por no usar el cubrebocas&nbsp;para evitar los contagios de Covid-19, y es que hay personas que no creen en la existencia del virus y se niegan a seguir las recomendaciones de salud, poniendo en riesgo &hellip;<\/p>\n","protected":false},"author":1,"featured_media":131352,"comment_status":"open","ping_status":"open","sticky":false,"template":"","format":"standard","meta":{"_mi_skip_tracking":false},"categories":[47,39],"tags":[20375,711],"_links":{"self":[{"href":"https:\/\/visionpeninsular.com\/mid\/wp-json\/wp\/v2\/posts\/131351"}],"collection":[{"href":"https:\/\/visionpeninsular.com\/mid\/wp-json\/wp\/v2\/posts"}],"about":[{"href":"https:\/\/visionpeninsular.com\/mid\/wp-json\/wp\/v2\/types\/post"}],"author":[{"embeddable":true,"href":"https:\/\/visionpeninsular.com\/mid\/wp-json\/wp\/v2\/users\/1"}],"replies":[{"embeddable":true,"href":"https:\/\/visionpeninsular.com\/mid\/wp-json\/wp\/v2\/comments?post=131351"}],"version-history":[{"count":1,"href":"https:\/\/visionpeninsular.com\/mid\/wp-json\/wp\/v2\/posts\/131351\/revisions"}],"predecessor-version":[{"id":131353,"href":"https:\/\/visionpeninsular.com\/mid\/wp-json\/wp\/v2\/posts\/131351\/revisions\/131353"}],"wp:featuredmedia":[{"embeddable":true,"href":"https:\/\/visionpeninsular.com\/mid\/wp-json\/wp\/v2\/media\/131352"}],"wp:attachment":[{"href":"https:\/\/visionpeninsular.com\/mid\/wp-json\/wp\/v2\/media?parent=131351"}],"wp:term":[{"taxonomy":"category","embeddable":true,"href":"https:\/\/visionpeninsular.com\/mid\/wp-json\/wp\/v2\/categories?post=131351"},{"taxonomy":"post_tag","embeddable":true,"href":"https:\/\/visionpeninsular.com\/mid\/wp-json\/wp\/v2\/tags?post=131351"}],"curies":[{"name":"wp","href":"https:\/\/api.w.org\/{rel}","templated":true}]}}