{"id":131051,"date":"2020-07-23T16:33:12","date_gmt":"2020-07-23T21:33:12","guid":{"rendered":"http:\/\/visionpeninsular.com\/mid\/?p=131051"},"modified":"2020-07-23T16:33:18","modified_gmt":"2020-07-23T21:33:18","slug":"presenta-aliarse-la-campana-tus-utiles-aun-son-utiles","status":"publish","type":"post","link":"https:\/\/visionpeninsular.com\/mid\/presenta-aliarse-la-campana-tus-utiles-aun-son-utiles\/","title":{"rendered":"Presenta AliaRSE la campa\u00f1a \u00abTus \u00fatiles a\u00fan son \u00fatiles\u00bb"},"content":{"rendered":"\n<h4>Antecedentes&nbsp;<\/h4>\n\n\n\n<p>La campa\u00f1a \u201cTus \u00fatiles a\u00fan son \u00fatiles\u201d representa una Buena Pr\u00e1ctica de Responsabilidad Social Empresarial implementada desde 2017 como iniciativa de un grupo de peque\u00f1as empresas de Quintana Roo: Avanti, Francobolli y Banana Bay, las cuales en el a\u00f1o 2018 compartieron su metodolog\u00eda a la Fundaci\u00f3n del Empresariado Yucateco A.C. (FEYAC), dando como resultado la r\u00e9plica e implementaci\u00f3n desde el Comit\u00e9\u0301 Promotor de la RSE de Yucat\u00e1n \u2013 AliaRSE por Yucat\u00e1n, con la finalidad de brindar apoyo a comunidades vulnerables con lo recaudado. Esta es la 3a edici\u00f3n en Yucat\u00e1n, y la 4a en Quintana Roo. &nbsp;<\/p>\n\n\n\n<p>Resultados de 2019: Se donaron 130 Kits escolares y 448 art\u00edculos did\u00e1cticos a la<\/p>\n\n\n\n<p>Escuela Primaria \u201c4 de Junio\u201d (clave 31DPR2100C), y 1,863 art\u00edculos de material did\u00e1ctico al Centro Comunitario \u201cBrisas de San Jos\u00e9\u0301\u201d, en M\u00e9rida. Participaron 22 empresas. Se brind\u00f3 de una adecuada disposici\u00f3n a 1.6 toneladas de material reciclado. &nbsp;<\/p>\n\n\n\n<div class=\"wp-block-image\"><figure class=\"aligncenter size-large is-resized\"><img loading=\"lazy\" src=\"http:\/\/visionpeninsular.com\/mid\/wp-content\/uploads\/2020\/07\/Flyer-Tus-\u00fatiles-a\u00fan-son-\u00fatiles-actaulizado-724x1024.png\" alt=\"\" class=\"wp-image-131053\" width=\"289\" height=\"409\" srcset=\"https:\/\/visionpeninsular.com\/mid\/wp-content\/uploads\/2020\/07\/Flyer-Tus-\u00fatiles-a\u00fan-son-\u00fatiles-actaulizado-724x1024.png 724w, https:\/\/visionpeninsular.com\/mid\/wp-content\/uploads\/2020\/07\/Flyer-Tus-\u00fatiles-a\u00fan-son-\u00fatiles-actaulizado-212x300.png 212w, https:\/\/visionpeninsular.com\/mid\/wp-content\/uploads\/2020\/07\/Flyer-Tus-\u00fatiles-a\u00fan-son-\u00fatiles-actaulizado-768x1086.png 768w, https:\/\/visionpeninsular.com\/mid\/wp-content\/uploads\/2020\/07\/Flyer-Tus-\u00fatiles-a\u00fan-son-\u00fatiles-actaulizado-1086x1536.png 1086w, https:\/\/visionpeninsular.com\/mid\/wp-content\/uploads\/2020\/07\/Flyer-Tus-\u00fatiles-a\u00fan-son-\u00fatiles-actaulizado.png 1414w\" sizes=\"(max-width: 289px) 100vw, 289px\" \/><\/figure><\/div>\n\n\n\n<h4>Presentaci\u00f3n de los Objetivos y mecanismos de la Campa\u00f1a&nbsp;<\/h4>\n\n\n\n<p>El objetivo de este a\u00f1o ser\u00e1 reducir el impacto ambiental que generan los residuos escolares, mediante del reciclaje, evitando con esto que terminen en el basurero; adem\u00e1s, se generar\u00e1n ingresos para beneficiar al centro comunitario de Kanas\u00edn.<\/p>\n\n\n\n<p>Consideramos valioso el sumarnos nuevamente a la campa\u00f1a y dar continuidad a las acciones generadas, a pesar de los retos que representa la actual contingencia, por lo que esta actividad se adecuar\u00e1 a los nuevos requerimientos sanitarios. &nbsp;<\/p>\n\n\n\n<div class=\"wp-block-image\"><figure class=\"aligncenter size-large is-resized\"><img loading=\"lazy\" src=\"http:\/\/visionpeninsular.com\/mid\/wp-content\/uploads\/2020\/07\/ERIKA-UTILES.jpg\" alt=\"\" class=\"wp-image-131054\" width=\"333\" height=\"187\" srcset=\"https:\/\/visionpeninsular.com\/mid\/wp-content\/uploads\/2020\/07\/ERIKA-UTILES.jpg 633w, https:\/\/visionpeninsular.com\/mid\/wp-content\/uploads\/2020\/07\/ERIKA-UTILES-300x169.jpg 300w\" sizes=\"(max-width: 333px) 100vw, 333px\" \/><\/figure><\/div>\n\n\n\n<p>La campa\u00f1a dio inici\u00f3 el lunes 20 de julio y finalizar\u00e1 el viernes 07 de agosto, tendr\u00e1 una duraci\u00f3n de tres semanas.&nbsp;<\/p>\n\n\n\n<p>La din\u00e1mica ser\u00e1 a trav\u00e9s de 5 modalidades de participaci\u00f3n:&nbsp;<\/p>\n\n\n\n<ol type=\"1\"><li>Punto de acopio dirigido al p\u00fablico en general.<\/li><li>Punto de acopio interno.<\/li><li>Donaci\u00f3n de archivo muerto.<\/li><li>Donaci\u00f3n de equipos de c\u00f3mputo.<\/li><li>Donaci\u00f3n a trav\u00e9s del RegaLove de Fundaci\u00f3n Bepensa.<\/li><\/ol>\n\n\n\n<p><strong>Punto de acopio dirigido al p\u00fablico en general e interno.<\/strong><\/p>\n\n\n\n<p>En estas modalidades se recibir\u00e1n \u00fanicamente: libretas, libros, papel reciclado, papel triturado, peri\u00f3dicos y cart\u00f3n. A trav\u00e9s de la p\u00e1gina de Facebook del Comit\u00e9 Promotor de la RSE en Yucat\u00e1n se estar\u00e1n publicando las direcciones y los horarios de atenci\u00f3n de los establecimientos que participan como puntos de acopio abierto al p\u00fablico, incentivando de esta manera a que la ciudadan\u00eda identifique el sitio m\u00e1s cercano para realizar su donativo.&nbsp;<\/p>\n\n\n\n<p>Las empresas que participen como punto de acopio interno, realizar\u00e1n las gestiones necesarias para comunicar entre sus colaboradores las formas y los horarios en las que deber\u00e1n de realizarlo.&nbsp;<\/p>\n\n\n\n<p><strong>Donaci\u00f3n de archivo muerto.<\/strong><\/p>\n\n\n\n<p>Las empresas decidir\u00e1n la cantidad de archivo que deseen donar, y se les entregar\u00e1 una carta de destrucci\u00f3n para efectos fiscales.&nbsp;<\/p>\n\n\n\n<p>Para la modalidad de acopio y de donativo de archivo, se gestionar\u00e1n las rutas de recolecci\u00f3n por la empresa \u201crecuperadora de cart\u00f3n del sureste S.A. de C.V.\u201d, quien dispondr\u00e1 de su personal e infraestructura para el logro del objetivo.&nbsp;<\/p>\n\n\n\n<p><strong>Donaci\u00f3n de equipos de c\u00f3mputo.<\/strong><\/p>\n\n\n\n<p>Las empresas que decidan contribuir a trav\u00e9s de este tipo de donativo entregar\u00e1n los equipos de computo en buen estado y funcionales. Por pol\u00edticas de las empresas, se estima que sean entregadas sin discos duros, por lo que, con los ingresos obtenidos por la venta de papel y cart\u00f3n, se espera sean comprados. Las computadoras ser\u00e1n donadas al centro comunitario DIF de Kanas\u00edn, la cual se encuentra administrada por el programa \u201csemilleros creativos\u201d, lugar en donde se imparten clases de lengua maya, arte, literatura y cultura. Con esta importante contribuci\u00f3n, lograremos que adem\u00e1s se impartan clases de computaci\u00f3n, as\u00ed como la puesta a disposici\u00f3n de las herramientas necesarias para las actividades escolares de los ni\u00f1os y j\u00f3venes de la comunidad.<\/p>\n\n\n\n<p><strong>Donaci\u00f3n a trav\u00e9s del RegaLove<\/strong><\/p>\n\n\n\n<p>El proyecto RegaLove de Fundaci\u00f3n Bepensa nace en el 2018 como una opci\u00f3n que Fundaci\u00f3n Bepensa ofrece a la comunidad para realizar donativos con cargo a tarjeta de cr\u00e9dito o d\u00e9bito, desde casa; especialmente en momentos de apoyo como estos; con la finalidad de solidarizarnos con la comunidad. Se une a trav\u00e9s de la plataforma. Pueden visitar la p\u00e1gina<a href=\"https:\/\/regalove.fundacionbepensa.org\/\"> https:\/\/regalove.fundacionbepensa.org\/ <\/a>Agradecemos a las 20 empresas, a las 7 organizaciones de la sociedad civil, a los aliados y el H. Ayuntamiento de M\u00e9rida que se han sumado a la causa.\u00a0<\/p>\n\n\n\n<ol type=\"1\"><li>COMIT\u00c9 PROMOTOR DE LA RSE DE YUCAT\u00c1N<\/li><li>FUNDACI\u00d3N DEL EMPRESARIADO YUCATECO AC<\/li><li>AYUNTAMIENTO DE M\u00c9RIDA<\/li><li>FUNDACI\u00d3N BEPENSA<\/li><li>FUNDACI\u00d3N ADO<\/li><li>ABARROTES DUNOSUSA<\/li><li>CANACO SERVYTUR<\/li><li>CLUB ROTARIO DE M\u00c9RIDA<\/li><li>TERE CAZOLA<\/li><li>GALLETAS DOND\u00c9<\/li><li>AEI<\/li><li>MARLET<\/li><li>TERE CAZOLA<\/li><li>EMPRESAS LARY<\/li><li>KEKEN<\/li><li>COPORATIVO GAMAS<\/li><li>MATTERA<\/li><li>EMPRESAS COMERCIALES<\/li><li>MOBILITY ADO<\/li><li>BEPENSA<\/li><li>ECOGUERRERO<\/li><li>CONSTRUCASA<\/li><li>LOGRA FINANCIAMIENTOS<\/li><li>RECUPERADORA \u00a0DE CARTON DEL SURESTE\u00a0<\/li><li>AMG DESARROLLOS <\/li><li>MAGN\u00cdFERA<\/li><li>GCD CONSULTORES<\/li><li>FUNDACI\u00d3N BAP AC<\/li><li>FUNDACI\u00d3N UADY<\/li><li>RESERVA ECOL\u00d3GICA DE CUXTAL<\/li><li>MANOS CHOLUL<\/li><li>FUNDACI\u00d3N ECOL\u00d3GICA ELEFANTE VERDE<\/li><li>OFICINA UMAN TV<\/li><li>DEJANDO HUELLA UM\u00c1N<\/li><\/ol>\n\n\n\n<div class=\"wp-block-image\"><figure class=\"aligncenter size-large is-resized\"><img loading=\"lazy\" src=\"http:\/\/visionpeninsular.com\/mid\/wp-content\/uploads\/2020\/07\/JESSICA-SAADE-1024x576.jpg\" alt=\"\" class=\"wp-image-131055\" width=\"313\" height=\"176\" srcset=\"https:\/\/visionpeninsular.com\/mid\/wp-content\/uploads\/2020\/07\/JESSICA-SAADE-1024x576.jpg 1024w, https:\/\/visionpeninsular.com\/mid\/wp-content\/uploads\/2020\/07\/JESSICA-SAADE-300x169.jpg 300w, https:\/\/visionpeninsular.com\/mid\/wp-content\/uploads\/2020\/07\/JESSICA-SAADE-768x432.jpg 768w, https:\/\/visionpeninsular.com\/mid\/wp-content\/uploads\/2020\/07\/JESSICA-SAADE.jpg 1366w\" sizes=\"(max-width: 313px) 100vw, 313px\" \/><\/figure><\/div>\n\n\n\n<h4>Puntos de acopio y medidas de seguridad<\/h4>\n\n\n\n<p>Se han habilitado 12 puntos de acopio dirigidos al p\u00fablico en general, 10 ubicados en la ciudad de M\u00e9rida, 1 en la comisar\u00eda de Cholul y 1 en la ciudad de Um\u00e1n<\/p>\n\n\n\n<ul><li>PLANTA TERE CAZOLA<\/li><li>OFICINA DE EMPRESAS LARY<\/li><li>OFICINA DE CONSTRUCASA<\/li><li>OFICINA DE MAGN\u00cdFERA<\/li><li>OFICINA DE GCD CONSULTORES<\/li><li>CLUB ROTARIO DE M\u00c9RIDA<\/li><li>CANACO SERVYTUR M\u00c9RIDA<\/li><li>OFICINA DE LA RESERVA ECOL\u00d3GICA DE CUXTAL<\/li><li>FUNDACI\u00d3N BAP AC.<\/li><li>MANOS CHOLUL<\/li><li>OFICINA ECOGUERREROS<\/li><li>OFICINA UM\u00c1N TV<\/li><\/ul>\n\n\n\n<p>Todos los puntos cuentan con las medidas de seguridad e higiene correspondiente, por lo que ser\u00e1 necesario el uso del cubrebocas en todo momento, gel y tomar sana distancia. Cabe mencionar que las donaciones deber\u00e1n estar selladas en cajas o bolsas y debidamente clarificadas y marcada por tipo de residuo.<\/p>\n\n\n\n<h4>Alianza con el Ayuntamiento a trav\u00e9s de los Puntos Verdes&nbsp;<\/h4>\n\n\n\n<p>Para esta edici\u00f3n se estar\u00e1 sumando tambi\u00e9n el Programa Puntos Verdes dirigido por el H. Ayuntamiento de M\u00e9rida, a trav\u00e9s de la donaci\u00f3n del total de Residuos s\u00f3lidos (\u00fanicamente papel, peri\u00f3dico y cart\u00f3n) de los 4 Mega puntos ubicados en la ciudad de M\u00e9rida<\/p>\n\n\n\n<p>Se invita a toda la ciudadan\u00eda a sumarse y contribuir con esta doble causa, a favor del medio ambiente y a beneficio de las infancias y las juventudes.&nbsp;<\/p>\n\n\n\n<div class=\"wp-block-image\"><figure class=\"aligncenter size-large is-resized\"><img loading=\"lazy\" src=\"http:\/\/visionpeninsular.com\/mid\/wp-content\/uploads\/2020\/07\/PUNTO-VERDE-1024x576.jpg\" alt=\"\" class=\"wp-image-131056\" width=\"304\" height=\"171\" srcset=\"https:\/\/visionpeninsular.com\/mid\/wp-content\/uploads\/2020\/07\/PUNTO-VERDE-1024x576.jpg 1024w, https:\/\/visionpeninsular.com\/mid\/wp-content\/uploads\/2020\/07\/PUNTO-VERDE-300x169.jpg 300w, https:\/\/visionpeninsular.com\/mid\/wp-content\/uploads\/2020\/07\/PUNTO-VERDE-768x432.jpg 768w, https:\/\/visionpeninsular.com\/mid\/wp-content\/uploads\/2020\/07\/PUNTO-VERDE.jpg 1366w\" sizes=\"(max-width: 304px) 100vw, 304px\" \/><\/figure><\/div>\n\n\n\n<p>Para m\u00e1s informaci\u00f3n o si gustas sumarte, puedes contactar a <strong>Lic. Mariely Tun Cauich, <\/strong>Coordinadora de la campa\u00f1a, a trav\u00e9s del correo gestion.ambiental5@dunosusa.com.mx \u00a0<\/p>\n\n\n\n<h1>Participaciones<\/h1>\n\n\n\n<p><strong>Lic. Ra\u00fal L\u00f3pez Osorio<\/strong>&#8211; Director de Responsabilidad Social Empresarial de FEYAC.<\/p>\n\n\n\n<p><strong>IQI. Erika Margarita Uicab Campos<\/strong>&#8211; Presidenta del Comit\u00e9 promotor de la RSE por Yucat\u00e1n-AliaRSE Yucat\u00e1n y representante de Fundaci\u00f3n ADO en la Regi\u00f3n Peninsulares<\/p>\n\n\n\n<p><strong>Lic. Mariely Tun Cauich<\/strong>&#8211; Coordinadora de Medio Ambiente y Sustentabilidad del Aliarse por Yucat\u00e1n y Coordinadora de Asuntos Jur\u00eddicos Ambientales de Abarrotes Dunosusa<\/p>\n\n\n\n<p><strong>Lic. Jessica Saade Saade<\/strong> &#8211; Coordinadora de Relaciones P\u00fablicas del AliaRSE por Yucat\u00e1n y Jefa de Asuntos P\u00fablicos de Bepensa<\/p>\n\n\n\n<p><strong>Lic. Nadia Mart\u00edn Ram\u00edrez<\/strong> &#8211; Directora Comercial de la CANACO SERVYTUR M\u00c9RIDA<\/p>\n\n\n\n<p><strong>Lic. Angelina Escalante Acereto<\/strong> &#8211; Jefa de cultura ambiental de la Unidad de Desarrollo Sustentable del Ayuntamiento de M\u00e9rida<\/p>\n<div class='share-to-whatsapp-wrapper'><div class='share-on-whsp'>Share on: <\/div><a data-text='Presenta AliaRSE la campa\u00f1a \u00abTus \u00fatiles a\u00fan son \u00fatiles\u00bb' data-link='https:\/\/visionpeninsular.com\/mid\/presenta-aliarse-la-campana-tus-utiles-aun-son-utiles\/' class='whatsapp-button whatsapp-share'>WhatsApp<\/a><div class='clear '><\/div><\/div>","protected":false},"excerpt":{"rendered":"<p>Antecedentes&nbsp; La campa\u00f1a \u201cTus \u00fatiles a\u00fan son \u00fatiles\u201d representa una Buena Pr\u00e1ctica de Responsabilidad Social Empresarial implementada desde 2017 como iniciativa de un grupo de peque\u00f1as empresas de Quintana Roo: Avanti, Francobolli y Banana Bay, las cuales en el a\u00f1o 2018 compartieron su metodolog\u00eda a la Fundaci\u00f3n del Empresariado Yucateco A.C. (FEYAC), dando como resultado &hellip;<\/p>\n","protected":false},"author":10,"featured_media":131052,"comment_status":"open","ping_status":"open","sticky":false,"template":"","format":"standard","meta":{"_mi_skip_tracking":false},"categories":[49,37],"tags":[22704],"_links":{"self":[{"href":"https:\/\/visionpeninsular.com\/mid\/wp-json\/wp\/v2\/posts\/131051"}],"collection":[{"href":"https:\/\/visionpeninsular.com\/mid\/wp-json\/wp\/v2\/posts"}],"about":[{"href":"https:\/\/visionpeninsular.com\/mid\/wp-json\/wp\/v2\/types\/post"}],"author":[{"embeddable":true,"href":"https:\/\/visionpeninsular.com\/mid\/wp-json\/wp\/v2\/users\/10"}],"replies":[{"embeddable":true,"href":"https:\/\/visionpeninsular.com\/mid\/wp-json\/wp\/v2\/comments?post=131051"}],"version-history":[{"count":1,"href":"https:\/\/visionpeninsular.com\/mid\/wp-json\/wp\/v2\/posts\/131051\/revisions"}],"predecessor-version":[{"id":131057,"href":"https:\/\/visionpeninsular.com\/mid\/wp-json\/wp\/v2\/posts\/131051\/revisions\/131057"}],"wp:featuredmedia":[{"embeddable":true,"href":"https:\/\/visionpeninsular.com\/mid\/wp-json\/wp\/v2\/media\/131052"}],"wp:attachment":[{"href":"https:\/\/visionpeninsular.com\/mid\/wp-json\/wp\/v2\/media?parent=131051"}],"wp:term":[{"taxonomy":"category","embeddable":true,"href":"https:\/\/visionpeninsular.com\/mid\/wp-json\/wp\/v2\/categories?post=131051"},{"taxonomy":"post_tag","embeddable":true,"href":"https:\/\/visionpeninsular.com\/mid\/wp-json\/wp\/v2\/tags?post=131051"}],"curies":[{"name":"wp","href":"https:\/\/api.w.org\/{rel}","templated":true}]}}