{"id":130479,"date":"2020-07-16T10:07:19","date_gmt":"2020-07-16T15:07:19","guid":{"rendered":"http:\/\/visionpeninsular.com\/mid\/?p=130479"},"modified":"2020-07-16T10:07:32","modified_gmt":"2020-07-16T15:07:32","slug":"pide-mauricio-vila-dosal-a-la-sedatu-se-considere-la-realidad-de-yucatan-para-la-aplicacion-del-fonden","status":"publish","type":"post","link":"https:\/\/visionpeninsular.com\/mid\/pide-mauricio-vila-dosal-a-la-sedatu-se-considere-la-realidad-de-yucatan-para-la-aplicacion-del-fonden\/","title":{"rendered":"Pide  Mauricio Vila Dosal a la Sedatu se considere la realidad de Yucat\u00e1n para la aplicaci\u00f3n del Fonden"},"content":{"rendered":"\n<p><em>-Vila Dosal se reuni\u00f3 con el titular de la Sedatu, Rom\u00e1n Meyer Falc\u00f3n, a quien le expuso la necesidad de que los criterios de operaci\u00f3n de este Fondo se adec\u00faen a la realidad del estado.<\/em><\/p>\n\n\n\n<p><em>-Explic\u00f3 que, debido a que las reglas del Fonden distan de lo que est\u00e1n viviendo los afectados, muchos yucatecos no han sido considerados para recibir esta ayuda.<\/em><\/p>\n\n\n\n<p><em>-De igual manera, se revisaron los proyectos a realizarse dentro del Programa de Mejoramiento Urbano 2020 para el municipio de Progreso que, debido a los recortes por parte de la Federaci\u00f3n, redujo su presupuesto a 168 millones de pesos de los 500 millones de pesos que originalmente se hab\u00edan considerado.<\/em><\/p>\n\n\n\n<p>El Gobernador Mauricio Vila Dosal se reuni\u00f3 con Rom\u00e1n Meyer Falc\u00f3n, titular de la Secretar\u00eda de Desarrollo Agrario, Territorial y Urbano del Gobierno Federal, a quien plante\u00f3 la urgente necesidad de que los criterios de operaci\u00f3n del Fondo Nacional de Desastres Naturales (Fonden) sean mejorados y se adec\u00faen a la realidad que se vive en Yucat\u00e1n, para que las familias yucatecas afectadas por las tormentas \u201cAmanda\u201d y \u201cCrist\u00f3bal\u201d sean apoyadas y puedan recuperarse de sus p\u00e9rdidas lo antes posible.<\/p>\n\n\n\n<p>En el encuentro, Vila Dosal expuso a Meyer Falc\u00f3n que, a pesar de las graves afectaciones que las fuertes lluvias e inundaciones ocasionaron, los apoyos del Fonden no consideran a la mayor parte de la poblaci\u00f3n damnificada debido a que las p\u00e9rdidas en las viviendas y vialidades no concuerdan con lo dispuesto en las reglas de operaci\u00f3n de este esquema, pues en ellas \u00fanicamente se contemplan da\u00f1os estructurales originados por otro tipo de desastres naturales, como temblores o huracanes.<\/p>\n\n\n\n<p>Por su parte, el secretario federal escuch\u00f3 atentamente los planteamientos del Gobernador y se ofreci\u00f3 a trabajar de manera coordinada con las autoridades estatales para respaldar a los yucatecos que se vieron afectados por las tormentas tropicales.<\/p>\n\n\n\n<p>Acompa\u00f1ado de los directores de los Institutos de Movilidad y Desarrollo Urbano Territorial (IMDUT), Aref Karam Esp\u00f3sitos y de Vivienda del estado (IVEY), Carlos Vi\u00f1as Heredia, Vila Dosal se\u00f1al\u00f3 que dichos fen\u00f3menos meteorol\u00f3gicos dejaron muchas afectaciones en las viviendas, sin embargo, pr\u00e1cticamente todas las solicitudes en la materia est\u00e1n siendo rechazadas, pues al no presentar da\u00f1os estructurales en las casas, son descartadas, dejando sin apoyo a muchos yucatecos que ya contaban con esa ayuda para salir adelante.<\/p>\n\n\n\n<p>En ese sentido, el Gobernador indic\u00f3 que ha solicitado que estas afectaciones puedan entrar en un \u00e1mbito que contempla el Fonden como da\u00f1os menores, donde pueden entregarles entre 6 y 12 mil pesos a cada vivienda para poder hacer sus reparaciones el\u00e9ctricas, o la restituci\u00f3n de materiales que se hayan humedecido o la recuperaci\u00f3n de art\u00edculos que hayan perdido, pero, hasta el momento, no se ha recibido respuesta a esta propuesta.<\/p>\n\n\n\n<p>De igual manera, Vila Dosal se\u00f1al\u00f3 que, tras las evaluaciones a viviendas y vialidades, presidentes municipales de Yucat\u00e1n han externado que las normas de operaci\u00f3n no est\u00e1n hechas para la realidad de esta regi\u00f3n del pa\u00eds, lo que les ha ocasionado que se les niegue casi todo el apoyo solicitado para sus municipios.<\/p>\n\n\n\n<p>Ante esta situaci\u00f3n, el Gobernador pidi\u00f3 a los funcionarios de la Sedatu su comprensi\u00f3n y mayor sensibilidad ante el panorama que estamos atravesando los yucatecos, a fin de que, de alguna manera, se puedan encontrar los mecanismos para ser apoyados y que las familias vayan recuperando lo que han perdido.<\/p>\n\n\n\n<figure class=\"wp-block-image size-large\"><img loading=\"lazy\" width=\"960\" height=\"638\" src=\"http:\/\/visionpeninsular.com\/mid\/wp-content\/uploads\/2020\/07\/SEDATU.jpg\" alt=\"\" class=\"wp-image-130475\" srcset=\"https:\/\/visionpeninsular.com\/mid\/wp-content\/uploads\/2020\/07\/SEDATU.jpg 960w, https:\/\/visionpeninsular.com\/mid\/wp-content\/uploads\/2020\/07\/SEDATU-300x199.jpg 300w, https:\/\/visionpeninsular.com\/mid\/wp-content\/uploads\/2020\/07\/SEDATU-768x510.jpg 768w, https:\/\/visionpeninsular.com\/mid\/wp-content\/uploads\/2020\/07\/SEDATU-310x205.jpg 310w\" sizes=\"(max-width: 960px) 100vw, 960px\" \/><\/figure>\n\n\n\n<p>En ese marco, tambi\u00e9n se revisaron los proyectos que se llevar\u00e1n a cabo, de manera conjunta, en el municipio de Progreso a trav\u00e9s del Programa de Mejoramiento Urbano 2020. Al respecto, se inform\u00f3 que, debido a los recortes por parte de la Federaci\u00f3n, el presupuesto para este programa en el municipio de Progreso se redujo a 168 millones de pesos, cuando originalmente, se dijo, se destinar\u00edan 500 millones de pesos.<\/p>\n\n\n\n<p>Cabe destacar que, aunado a esta inversi\u00f3n, el Gobierno del Estado destin\u00f3 casi 60 millones de pesos para revitalizar la imagen de este puerto y ofrecer atractivos espacios para la recreaci\u00f3n de los locales y visitantes mediante la rehabilitaci\u00f3n de un tramo del Malec\u00f3n y la remodelaci\u00f3n de la Casa de la Cultura de Progres o y la rehabilitaci\u00f3n de calles aleda\u00f1as a este edificio.<\/p>\n\n\n\n<p>En la reuni\u00f3n estuvieron presentes el titular de la Unidad de Proyectos Estrat\u00e9gicos para el Desarrollo Urbano, Daniel Escotto S\u00e1nchez; el Jefe de Oficina del Secretario, Jorge Cabrera Jim\u00e9nez; y de manera virtual se sumaron el coordinador de Gesti\u00f3n Integral de Riesgos de Desastres, Julio Mill\u00e1n Soberanes, los 3 de la Sedatu; y la directora para la Gesti\u00f3n de Riesgos (DGGR) de la Secretar\u00eda de Gobernaci\u00f3n (Segob), Brisna Beltr\u00e1n Pulido.<\/p>\n<div class='share-to-whatsapp-wrapper'><div class='share-on-whsp'>Share on: <\/div><a data-text='Pide  Mauricio Vila Dosal a la Sedatu se considere la realidad de Yucat\u00e1n para la aplicaci\u00f3n del Fonden' data-link='https:\/\/visionpeninsular.com\/mid\/pide-mauricio-vila-dosal-a-la-sedatu-se-considere-la-realidad-de-yucatan-para-la-aplicacion-del-fonden\/' class='whatsapp-button whatsapp-share'>WhatsApp<\/a><div class='clear '><\/div><\/div>","protected":false},"excerpt":{"rendered":"<p>-Vila Dosal se reuni\u00f3 con el titular de la Sedatu, Rom\u00e1n Meyer Falc\u00f3n, a quien le expuso la necesidad de que los criterios de operaci\u00f3n de este Fondo se adec\u00faen a la realidad del estado. -Explic\u00f3 que, debido a que las reglas del Fonden distan de lo que est\u00e1n viviendo los afectados, muchos yucatecos no &hellip;<\/p>\n","protected":false},"author":5,"featured_media":130480,"comment_status":"open","ping_status":"open","sticky":false,"template":"","format":"standard","meta":{"_mi_skip_tracking":false},"categories":[49,37],"tags":[22524,185,3861,1755],"_links":{"self":[{"href":"https:\/\/visionpeninsular.com\/mid\/wp-json\/wp\/v2\/posts\/130479"}],"collection":[{"href":"https:\/\/visionpeninsular.com\/mid\/wp-json\/wp\/v2\/posts"}],"about":[{"href":"https:\/\/visionpeninsular.com\/mid\/wp-json\/wp\/v2\/types\/post"}],"author":[{"embeddable":true,"href":"https:\/\/visionpeninsular.com\/mid\/wp-json\/wp\/v2\/users\/5"}],"replies":[{"embeddable":true,"href":"https:\/\/visionpeninsular.com\/mid\/wp-json\/wp\/v2\/comments?post=130479"}],"version-history":[{"count":1,"href":"https:\/\/visionpeninsular.com\/mid\/wp-json\/wp\/v2\/posts\/130479\/revisions"}],"predecessor-version":[{"id":130481,"href":"https:\/\/visionpeninsular.com\/mid\/wp-json\/wp\/v2\/posts\/130479\/revisions\/130481"}],"wp:featuredmedia":[{"embeddable":true,"href":"https:\/\/visionpeninsular.com\/mid\/wp-json\/wp\/v2\/media\/130480"}],"wp:attachment":[{"href":"https:\/\/visionpeninsular.com\/mid\/wp-json\/wp\/v2\/media?parent=130479"}],"wp:term":[{"taxonomy":"category","embeddable":true,"href":"https:\/\/visionpeninsular.com\/mid\/wp-json\/wp\/v2\/categories?post=130479"},{"taxonomy":"post_tag","embeddable":true,"href":"https:\/\/visionpeninsular.com\/mid\/wp-json\/wp\/v2\/tags?post=130479"}],"curies":[{"name":"wp","href":"https:\/\/api.w.org\/{rel}","templated":true}]}}