{"id":130474,"date":"2020-07-15T20:09:33","date_gmt":"2020-07-16T01:09:33","guid":{"rendered":"http:\/\/visionpeninsular.com\/mid\/?p=130474"},"modified":"2020-07-15T20:09:41","modified_gmt":"2020-07-16T01:09:41","slug":"se-reune-mauricio-vila-con-titular-de-sedatu","status":"publish","type":"post","link":"https:\/\/visionpeninsular.com\/mid\/se-reune-mauricio-vila-con-titular-de-sedatu\/","title":{"rendered":"Se re\u00fane Mauricio Vila con titular de SEDATU"},"content":{"rendered":"\n<p>Me reun\u00ed con Rom\u00e1n Meyer Falc\u00f3n titular de la SEDATU del Gobierno Federal para dialogar sobre la necesidad de revisar los criterios para la aplicaci\u00f3n de los recursos del FONDEN en materia de viviendas y vialidades tras el paso de las tormentas #Amanda y #Crist\u00f3bal que afectaron a las familias yucatecas. Tambi\u00e9n platicamos sobre los avances del Programa de Mejoramiento Urbano 2020 que se realizar\u00e1 en #Progreso. #UnidosComoUnoSolo<\/p>\n\n\n\n<figure class=\"wp-block-image size-large\"><img loading=\"lazy\" width=\"960\" height=\"544\" src=\"http:\/\/visionpeninsular.com\/mid\/wp-content\/uploads\/2020\/07\/REUNI\u00d3N-VILA.jpg\" alt=\"\" class=\"wp-image-130476\" srcset=\"https:\/\/visionpeninsular.com\/mid\/wp-content\/uploads\/2020\/07\/REUNI\u00d3N-VILA.jpg 960w, https:\/\/visionpeninsular.com\/mid\/wp-content\/uploads\/2020\/07\/REUNI\u00d3N-VILA-300x170.jpg 300w, https:\/\/visionpeninsular.com\/mid\/wp-content\/uploads\/2020\/07\/REUNI\u00d3N-VILA-768x435.jpg 768w\" sizes=\"(max-width: 960px) 100vw, 960px\" \/><\/figure>\n<div class='share-to-whatsapp-wrapper'><div class='share-on-whsp'>Share on: <\/div><a data-text='Se re\u00fane Mauricio Vila con titular de SEDATU' data-link='https:\/\/visionpeninsular.com\/mid\/se-reune-mauricio-vila-con-titular-de-sedatu\/' class='whatsapp-button whatsapp-share'>WhatsApp<\/a><div class='clear '><\/div><\/div>","protected":false},"excerpt":{"rendered":"<p>Me reun\u00ed con Rom\u00e1n Meyer Falc\u00f3n titular de la SEDATU del Gobierno Federal para dialogar sobre la necesidad de revisar los criterios para la aplicaci\u00f3n de los recursos del FONDEN en materia de viviendas y vialidades tras el paso de las tormentas #Amanda y #Crist\u00f3bal que afectaron a las familias yucatecas. Tambi\u00e9n platicamos sobre los &hellip;<\/p>\n","protected":false},"author":5,"featured_media":130475,"comment_status":"open","ping_status":"open","sticky":false,"template":"","format":"standard","meta":{"_mi_skip_tracking":false},"categories":[49,37],"tags":[185,22523,1755],"_links":{"self":[{"href":"https:\/\/visionpeninsular.com\/mid\/wp-json\/wp\/v2\/posts\/130474"}],"collection":[{"href":"https:\/\/visionpeninsular.com\/mid\/wp-json\/wp\/v2\/posts"}],"about":[{"href":"https:\/\/visionpeninsular.com\/mid\/wp-json\/wp\/v2\/types\/post"}],"author":[{"embeddable":true,"href":"https:\/\/visionpeninsular.com\/mid\/wp-json\/wp\/v2\/users\/5"}],"replies":[{"embeddable":true,"href":"https:\/\/visionpeninsular.com\/mid\/wp-json\/wp\/v2\/comments?post=130474"}],"version-history":[{"count":1,"href":"https:\/\/visionpeninsular.com\/mid\/wp-json\/wp\/v2\/posts\/130474\/revisions"}],"predecessor-version":[{"id":130477,"href":"https:\/\/visionpeninsular.com\/mid\/wp-json\/wp\/v2\/posts\/130474\/revisions\/130477"}],"wp:featuredmedia":[{"embeddable":true,"href":"https:\/\/visionpeninsular.com\/mid\/wp-json\/wp\/v2\/media\/130475"}],"wp:attachment":[{"href":"https:\/\/visionpeninsular.com\/mid\/wp-json\/wp\/v2\/media?parent=130474"}],"wp:term":[{"taxonomy":"category","embeddable":true,"href":"https:\/\/visionpeninsular.com\/mid\/wp-json\/wp\/v2\/categories?post=130474"},{"taxonomy":"post_tag","embeddable":true,"href":"https:\/\/visionpeninsular.com\/mid\/wp-json\/wp\/v2\/tags?post=130474"}],"curies":[{"name":"wp","href":"https:\/\/api.w.org\/{rel}","templated":true}]}}