{"id":130162,"date":"2020-07-10T18:37:10","date_gmt":"2020-07-10T23:37:10","guid":{"rendered":"http:\/\/visionpeninsular.com\/mid\/?p=130162"},"modified":"2020-07-10T18:37:13","modified_gmt":"2020-07-10T23:37:13","slug":"el-ayuntamiento-mantiene-acciones-para-el-bienestar-integral-de-los-ciudadanos-durante-la-pandemia","status":"publish","type":"post","link":"https:\/\/visionpeninsular.com\/mid\/el-ayuntamiento-mantiene-acciones-para-el-bienestar-integral-de-los-ciudadanos-durante-la-pandemia\/","title":{"rendered":"El Ayuntamiento mantiene acciones para el bienestar integral de los ciudadanos durante la pandemia"},"content":{"rendered":"\n<p>M\u00e9rida, 10 de julio de 2020. Cuidar la salud de los meridanos no se limita a los protocolos sanitarios a seguir tanto dentro como fuera de casa, sino tambi\u00e9n a la promoci\u00f3n de las actividades f\u00edsicas para el bienestar f\u00edsico en general y por eso desde el inicio de la contingencia pusimos en marcha el programa \u201cM\u00e9rida en Acci\u00f3n\u201d, con clases en l\u00ednea que han representado un parteaguas para miles de personas durante el aislamiento social, afirm\u00f3 el alcalde Ren\u00e1n Barrera Concha.<\/p>\n\n\n\n<p>\u2014Hemos querido aportar nuestro granito de arena para que los meridanos puedan cumplir con el \u201cqu\u00e9date en casa\u201d sin por eso descuidar su salud f\u00edsica por falta de ejercicio \u2014se\u00f1al\u00f3.<\/p>\n\n\n\n<p>Subray\u00f3 que, aunque en estos momentos ya se han abierto algunos espacios p\u00fablicos para el ejercicio individual, el Ayuntamiento exhorta a los ciudadanos a permanecer en casa todo el tiempo posible porque a\u00fan no baja la elevada incidencia de contagios del coronavirus.<\/p>\n\n\n\n<p>El Concejal puntualiz\u00f3 que aun cuando pasa por una dif\u00edcil situaci\u00f3n econ\u00f3mica precisamente a ra\u00edz de la pandemia, el Ayuntamiento busca formas creativas para seguir brindando a los meridanos los servicios y cuidados que esperan de su autoridad.<\/p>\n\n\n\n<p>\u2014El programa \u201cM\u00e9rida en Acci\u00f3n\u201d es uno de nuestros aliados m\u00e1s importantes para el bienestar durante esta pandemia y ha tenido una excelente respuesta por parte de la gente \u2014a\u00f1adi\u00f3.<\/p>\n\n\n\n<p>Record\u00f3 que las clases iniciaron el lunes 23 de marzo y se transmiten a trav\u00e9s de la p\u00e1gina de Facebook y YouTube de la comuna AyuntaM\u00e9rida, de lunes a viernes, a partir de las 08:30 horas. Cada clase logra de 3,500 a 7,000 reproducciones.<\/p>\n\n\n\n<p>\u2014Es una gran satisfacci\u00f3n para nosotros, como Ayuntamiento, saber que estamos contribuyendo al bienestar f\u00edsico, pero tambi\u00e9n emocional que el ejercicio genera y que es de especial relevancia en este dif\u00edcil per\u00edodo de aislamiento que estamos viviendo \u2014expres\u00f3.<\/p>\n\n\n\n<p>Adem\u00e1s de clases de las activaciones f\u00edsicas que se imparten al ritmo de salsa, cumbia, reguet\u00f3n o merengue, tambi\u00e9n se ofrecen sesiones de Tai Chi, entrenamiento funcional y yoga.<\/p>\n\n\n\n<p>&nbsp;\u2014Queremos que los ciudadanos contin\u00faen haciendo ejercicio, est\u00e9n en movimiento, para mantenerse sanos y en buenas condiciones y por eso se sube todo el contenido a Facebook y YouTube, donde queda a disposici\u00f3n de todos \u2014manifest\u00f3.<\/p>\n\n\n\n<p>Por su parte, el director de Bienestar Social del Ayuntamiento, Jes\u00fas Aguilar y Aguilar, record\u00f3 que las sesiones de este programa se impart\u00edan en parques de la ciudad y sus comisar\u00edas, de manera gratuita, desde 2013, en la primera administraci\u00f3n de Ren\u00e1n Barrera como alcalde.<\/p>\n\n\n\n<p>\u2014Ahora seguimos las indicaciones del Alcalde para adaptarnos a la situaci\u00f3n actual con clases en l\u00ednea, cuyo objetivo siempre es contribuir a la salud integral de los meridanos, pero evitando que salgan de casa \u2014indic\u00f3. Coment\u00f3 que se ha formado una comunidad s\u00f3lida y una buena din\u00e1mica de intercambio, pues los usuarios pueden compartir sus experiencias en la red social enviando fotos y videos de participaciones en las clases desde la comodidad de su hogar.<\/p>\n<div class='share-to-whatsapp-wrapper'><div class='share-on-whsp'>Share on: <\/div><a data-text='El Ayuntamiento mantiene acciones para el bienestar integral de los ciudadanos durante la pandemia' data-link='https:\/\/visionpeninsular.com\/mid\/el-ayuntamiento-mantiene-acciones-para-el-bienestar-integral-de-los-ciudadanos-durante-la-pandemia\/' class='whatsapp-button whatsapp-share'>WhatsApp<\/a><div class='clear '><\/div><\/div>","protected":false},"excerpt":{"rendered":"<p>M\u00e9rida, 10 de julio de 2020. Cuidar la salud de los meridanos no se limita a los protocolos sanitarios a seguir tanto dentro como fuera de casa, sino tambi\u00e9n a la promoci\u00f3n de las actividades f\u00edsicas para el bienestar f\u00edsico en general y por eso desde el inicio de la contingencia pusimos en marcha el &hellip;<\/p>\n","protected":false},"author":1,"featured_media":130163,"comment_status":"open","ping_status":"open","sticky":false,"template":"","format":"standard","meta":{"_mi_skip_tracking":false},"categories":[49,37],"tags":[2156],"_links":{"self":[{"href":"https:\/\/visionpeninsular.com\/mid\/wp-json\/wp\/v2\/posts\/130162"}],"collection":[{"href":"https:\/\/visionpeninsular.com\/mid\/wp-json\/wp\/v2\/posts"}],"about":[{"href":"https:\/\/visionpeninsular.com\/mid\/wp-json\/wp\/v2\/types\/post"}],"author":[{"embeddable":true,"href":"https:\/\/visionpeninsular.com\/mid\/wp-json\/wp\/v2\/users\/1"}],"replies":[{"embeddable":true,"href":"https:\/\/visionpeninsular.com\/mid\/wp-json\/wp\/v2\/comments?post=130162"}],"version-history":[{"count":1,"href":"https:\/\/visionpeninsular.com\/mid\/wp-json\/wp\/v2\/posts\/130162\/revisions"}],"predecessor-version":[{"id":130164,"href":"https:\/\/visionpeninsular.com\/mid\/wp-json\/wp\/v2\/posts\/130162\/revisions\/130164"}],"wp:featuredmedia":[{"embeddable":true,"href":"https:\/\/visionpeninsular.com\/mid\/wp-json\/wp\/v2\/media\/130163"}],"wp:attachment":[{"href":"https:\/\/visionpeninsular.com\/mid\/wp-json\/wp\/v2\/media?parent=130162"}],"wp:term":[{"taxonomy":"category","embeddable":true,"href":"https:\/\/visionpeninsular.com\/mid\/wp-json\/wp\/v2\/categories?post=130162"},{"taxonomy":"post_tag","embeddable":true,"href":"https:\/\/visionpeninsular.com\/mid\/wp-json\/wp\/v2\/tags?post=130162"}],"curies":[{"name":"wp","href":"https:\/\/api.w.org\/{rel}","templated":true}]}}