{"id":129941,"date":"2020-07-08T14:38:06","date_gmt":"2020-07-08T19:38:06","guid":{"rendered":"http:\/\/visionpeninsular.com\/mid\/?p=129941"},"modified":"2020-07-08T14:38:11","modified_gmt":"2020-07-08T19:38:11","slug":"fuerte-presencia-ciudadana-en-la-integracion-de-redes-sociales-progresistas-rsp","status":"publish","type":"post","link":"https:\/\/visionpeninsular.com\/mid\/fuerte-presencia-ciudadana-en-la-integracion-de-redes-sociales-progresistas-rsp\/","title":{"rendered":"Fuerte Presencia Ciudadana en la integraci\u00f3n de Redes Sociales Progresistas (RSP)"},"content":{"rendered":"\n<p>\u2013<strong>Es momento de iniciar un verdadero activismo pol\u00edtico adaptado a las nueva circunstancias sociales- Tuffy Mafud Contreras, Comisionado Nacional en M\u00e9rida<\/strong> <strong>de Redes Sociales Progresistas (RSP)<\/strong><\/p>\n\n\n\n<p>Bajo la direcci\u00f3n y plan de acci\u00f3n pol\u00edtica comandada por Jos\u00e9 Fernando Gonz\u00e1lez S\u00e1nchez, l\u00edder nacional de Redes Sociales Progresistas (RSP), se ha conformado en la capital del estado de Yucat\u00e1n, el Comit\u00e9 Directivo Municipal, cuyos nombramientos se entregaron formalmente esta ma\u00f1ana, encabezando la ceremonia el licenciado&nbsp;<strong>Tuffy Mafud Contreras, Comisionado Nacional en M\u00e9rida.<\/strong><\/p>\n\n\n\n<div class=\"wp-block-image\"><figure class=\"aligncenter size-large is-resized\"><img loading=\"lazy\" src=\"https:\/\/i0.wp.com\/visionpeninsular.com\/mid\/wp-content\/uploads\/2020\/07\/RSP-TUFFY-1.jpg?fit=618%2C348\" alt=\"\" class=\"wp-image-129944\" width=\"340\" height=\"191\" srcset=\"https:\/\/visionpeninsular.com\/mid\/wp-content\/uploads\/2020\/07\/RSP-TUFFY-1.jpg 1032w, https:\/\/visionpeninsular.com\/mid\/wp-content\/uploads\/2020\/07\/RSP-TUFFY-1-300x169.jpg 300w, https:\/\/visionpeninsular.com\/mid\/wp-content\/uploads\/2020\/07\/RSP-TUFFY-1-1024x576.jpg 1024w, https:\/\/visionpeninsular.com\/mid\/wp-content\/uploads\/2020\/07\/RSP-TUFFY-1-768x432.jpg 768w\" sizes=\"(max-width: 340px) 100vw, 340px\" \/><\/figure><\/div>\n\n\n\n<p>Dicho acto tuvo lugar en la calle 4 n\u00famero 146 de la colonia Montebello de esta ciudad, direcci\u00f3n que ser\u00e1 la sede de esta nueva propuesta pol\u00edtica ciudadana que busca recoger todas las expresiones con la finalidad de establecer un rumbo con miras al mejoramiento de las pol\u00edticas p\u00fablicas en el municipio de M\u00e9rida.<\/p>\n\n\n\n<p>Entre los nombramientos se encuentran figuras como <em>el Doctor Edgar Escalante Centeno, quien ocupar\u00e1 la Secretar\u00eda General de Comit\u00e9 municipal, Lic Leydi Guadalupe Ram\u00edrez, Coordinadora de Mujeres, Lic. Cecilio Borge Santiago, quien estar\u00e1 a cargo de la Operaci\u00f3n Pol\u00edtica y Vinculaci\u00f3n y el Licenciado Jorge Lizcano Esper\u00f3n, Titular del \u00c1rea Jur\u00eddica del comit\u00e9, entre otros personajes emanados de la ciudadan\u00eda.<\/em><\/p>\n\n\n\n<p>De acuerdo a Tuffy Mafud Contreras, los principios fundamentales de este nuevo frente ciudadano, que a pesar de ser a\u00fan Asociaci\u00f3n Civil ya cuenta con aval del INE para constituirse como Partido Pol\u00edtico, las primeras actividades estar\u00e1n encaminadas al ensanchamiento de la militancia as\u00ed como ser part\u00edcipes en las manifestaciones p\u00fablicas relativas al ejercicio de la administraci\u00f3n actual.<\/p>\n\n\n\n<div class=\"wp-block-image\"><figure class=\"aligncenter size-large is-resized\"><img loading=\"lazy\" src=\"https:\/\/i1.wp.com\/visionpeninsular.com\/mid\/wp-content\/uploads\/2020\/07\/RSP-EDGAR.jpg?fit=618%2C348\" alt=\"\" class=\"wp-image-129945\" width=\"305\" height=\"171\" srcset=\"https:\/\/visionpeninsular.com\/mid\/wp-content\/uploads\/2020\/07\/RSP-EDGAR.jpg 1032w, https:\/\/visionpeninsular.com\/mid\/wp-content\/uploads\/2020\/07\/RSP-EDGAR-300x169.jpg 300w, https:\/\/visionpeninsular.com\/mid\/wp-content\/uploads\/2020\/07\/RSP-EDGAR-1024x576.jpg 1024w, https:\/\/visionpeninsular.com\/mid\/wp-content\/uploads\/2020\/07\/RSP-EDGAR-768x432.jpg 768w\" sizes=\"(max-width: 305px) 100vw, 305px\" \/><\/figure><\/div>\n\n\n\n<p>\u00abEstableceremos puentes de conciliaci\u00f3n para todas las voces ciudadanas, queremos dar cabida a gente que a\u00fan cuenta con problem\u00e1ticas no resueltas como son los grupos vulnerables y sobre todo apoyar a la clase media que d\u00eda a d\u00eda lucha por sobrevivir y trabajaremos mucho en rescatar la econom\u00eda de microempresarios y emprendedores\u00bb-&nbsp;<strong>destac\u00f3 Tuffy Mafud Contreras, Comisionado Nacional de Redes Sociales Progresistas en M\u00e9rida (RSP)<\/strong><\/p>\n\n\n\n<p>\u00abCoincidimos tambi\u00e9n con el gobierno estatal en el inter\u00e9s del rescate de muchos negocios yucatecos que han quebrado o est\u00e1n a punto de hacerlo debido a la crisis generada por la pandemia, puesto que el bienestar de muchas familias depende de ello y lo que necesitamos en nuestro estado es seguir conservando los \u00edndices de paz y estabilidad que tanto atrae a nuevos inversionistas\u00bb<\/p>\n\n\n\n<div class=\"wp-block-image\"><figure class=\"aligncenter size-large is-resized\"><img loading=\"lazy\" src=\"https:\/\/i1.wp.com\/visionpeninsular.com\/mid\/wp-content\/uploads\/2020\/07\/RSP-TUFFY-2.jpg?fit=618%2C348\" alt=\"\" class=\"wp-image-129946\" width=\"299\" height=\"168\" srcset=\"https:\/\/visionpeninsular.com\/mid\/wp-content\/uploads\/2020\/07\/RSP-TUFFY-2.jpg 1032w, https:\/\/visionpeninsular.com\/mid\/wp-content\/uploads\/2020\/07\/RSP-TUFFY-2-300x169.jpg 300w, https:\/\/visionpeninsular.com\/mid\/wp-content\/uploads\/2020\/07\/RSP-TUFFY-2-1024x576.jpg 1024w, https:\/\/visionpeninsular.com\/mid\/wp-content\/uploads\/2020\/07\/RSP-TUFFY-2-768x432.jpg 768w\" sizes=\"(max-width: 299px) 100vw, 299px\" \/><\/figure><\/div>\n\n\n\n<p>\u00bb Salvar a las micro y peque\u00f1as empresas es un trabajo que se debe hacer y nuestras labores en los planes de acci\u00f3n en ese sentido, estar\u00e1n encaminadas a apoyar a la clase media amplia\u00bb- enfatiz\u00f3 Tuffy Mafud<\/p>\n\n\n\n<p>La&nbsp;<strong>Licenciada Leydi Guadalupe Ram\u00edrez, Coordinadora de Mujeres de Redes Sociales Progresistas<\/strong>, destac\u00f3 que se trabajar\u00e1 muy fuerte a favor del g\u00e9nero femenino, el cual a pesar de contar con muchos espacios ganados, a\u00fan sigue sufriendo de violencia, acoso y discriminaci\u00f3n.<\/p>\n\n\n\n<div class=\"wp-block-image\"><figure class=\"aligncenter size-large is-resized\"><img loading=\"lazy\" src=\"https:\/\/i0.wp.com\/visionpeninsular.com\/mid\/wp-content\/uploads\/2020\/07\/rsp-mujeres.jpg?fit=618%2C348\" alt=\"\" class=\"wp-image-129947\" width=\"305\" height=\"171\" srcset=\"https:\/\/visionpeninsular.com\/mid\/wp-content\/uploads\/2020\/07\/rsp-mujeres.jpg 1032w, https:\/\/visionpeninsular.com\/mid\/wp-content\/uploads\/2020\/07\/rsp-mujeres-300x169.jpg 300w, https:\/\/visionpeninsular.com\/mid\/wp-content\/uploads\/2020\/07\/rsp-mujeres-1024x576.jpg 1024w, https:\/\/visionpeninsular.com\/mid\/wp-content\/uploads\/2020\/07\/rsp-mujeres-768x432.jpg 768w\" sizes=\"(max-width: 305px) 100vw, 305px\" \/><\/figure><\/div>\n\n\n\n<p>\u00abHoy a\u00fan seguimos viendo las mismas quejas y demandas por parte de la poblaci\u00f3n femenina no solo del estado sino en todo el pa\u00eds y por ello seremos una agrupaci\u00f3n que les dar\u00e1 una mayor cabida, un puntual acompa\u00f1amiento adem\u00e1s de seguir promoviendo su empoderamiento y mejora en todos los aspectos\u00bb- se\u00f1al\u00f3 Leidy Ram\u00edrez.<\/p>\n\n\n\n<p>De esta manera es como se pretende ser un canal leg\u00edtimo de voz que haga llegar las expresiones de la ciudadan\u00eda general.\u00bb- finaliz\u00f3&nbsp;<strong>el Comisionado Nacional para el Municipio de M\u00e9rida de Redes Sociales Progresistas (RSP), Tuffy Mafud Contreras.<\/strong><\/p>\n<div class='share-to-whatsapp-wrapper'><div class='share-on-whsp'>Share on: <\/div><a data-text='Fuerte Presencia Ciudadana en la integraci\u00f3n de Redes Sociales Progresistas (RSP)' data-link='https:\/\/visionpeninsular.com\/mid\/fuerte-presencia-ciudadana-en-la-integracion-de-redes-sociales-progresistas-rsp\/' class='whatsapp-button whatsapp-share'>WhatsApp<\/a><div class='clear '><\/div><\/div>","protected":false},"excerpt":{"rendered":"<p>\u2013Es momento de iniciar un verdadero activismo pol\u00edtico adaptado a las nueva circunstancias sociales- Tuffy Mafud Contreras, Comisionado Nacional en M\u00e9rida de Redes Sociales Progresistas (RSP) Bajo la direcci\u00f3n y plan de acci\u00f3n pol\u00edtica comandada por Jos\u00e9 Fernando Gonz\u00e1lez S\u00e1nchez, l\u00edder nacional de Redes Sociales Progresistas (RSP), se ha conformado en la capital del estado &hellip;<\/p>\n","protected":false},"author":10,"featured_media":129942,"comment_status":"open","ping_status":"open","sticky":false,"template":"","format":"standard","meta":{"_mi_skip_tracking":false},"categories":[49,37],"tags":[22372],"_links":{"self":[{"href":"https:\/\/visionpeninsular.com\/mid\/wp-json\/wp\/v2\/posts\/129941"}],"collection":[{"href":"https:\/\/visionpeninsular.com\/mid\/wp-json\/wp\/v2\/posts"}],"about":[{"href":"https:\/\/visionpeninsular.com\/mid\/wp-json\/wp\/v2\/types\/post"}],"author":[{"embeddable":true,"href":"https:\/\/visionpeninsular.com\/mid\/wp-json\/wp\/v2\/users\/10"}],"replies":[{"embeddable":true,"href":"https:\/\/visionpeninsular.com\/mid\/wp-json\/wp\/v2\/comments?post=129941"}],"version-history":[{"count":1,"href":"https:\/\/visionpeninsular.com\/mid\/wp-json\/wp\/v2\/posts\/129941\/revisions"}],"predecessor-version":[{"id":129948,"href":"https:\/\/visionpeninsular.com\/mid\/wp-json\/wp\/v2\/posts\/129941\/revisions\/129948"}],"wp:featuredmedia":[{"embeddable":true,"href":"https:\/\/visionpeninsular.com\/mid\/wp-json\/wp\/v2\/media\/129942"}],"wp:attachment":[{"href":"https:\/\/visionpeninsular.com\/mid\/wp-json\/wp\/v2\/media?parent=129941"}],"wp:term":[{"taxonomy":"category","embeddable":true,"href":"https:\/\/visionpeninsular.com\/mid\/wp-json\/wp\/v2\/categories?post=129941"},{"taxonomy":"post_tag","embeddable":true,"href":"https:\/\/visionpeninsular.com\/mid\/wp-json\/wp\/v2\/tags?post=129941"}],"curies":[{"name":"wp","href":"https:\/\/api.w.org\/{rel}","templated":true}]}}