{"id":129845,"date":"2020-07-07T10:05:03","date_gmt":"2020-07-07T15:05:03","guid":{"rendered":"http:\/\/visionpeninsular.com\/mid\/?p=129845"},"modified":"2020-07-07T10:05:06","modified_gmt":"2020-07-07T15:05:06","slug":"playas-de-cancun-seguiran-cerradas-al-publico-acceso-sera-solo-para-turistas","status":"publish","type":"post","link":"https:\/\/visionpeninsular.com\/mid\/playas-de-cancun-seguiran-cerradas-al-publico-acceso-sera-solo-para-turistas\/","title":{"rendered":"Playas de Canc\u00fan seguir\u00e1n cerradas al p\u00fablico; acceso ser\u00e1 s\u00f3lo para turistas"},"content":{"rendered":"\n<h2>Hasta que no el sem\u00e1foro epidemiol\u00f3gico estatal no cambie a color verde, las playas de Canc\u00fan continuar\u00e1n cerradas al p\u00fablico, excepto para los turistas<\/h2>\n\n\n\n<p>Canc\u00fan.- El nuevo Coordinador de Comunicaci\u00f3n Social de Gobierno del Estado de Quintana Roo,&nbsp;<strong>Carlos Orva\u00f1ano<\/strong>s reiter\u00f3 que el<strong>&nbsp;cierre de las playas de Canc\u00fan&nbsp;<\/strong>(y en general del estado) es una medida temporal contra el Covid-19 y&nbsp;<strong>no un intento de privatizaci\u00f3n&nbsp;<\/strong>de estas como ha circulado en los \u00faltimos d\u00edas.<\/p>\n\n\n\n<p>Durante una conferencia de prensa, el funcionario destac\u00f3 que las playas se mantendr\u00e1n cerradas al publico mientras el s<strong>em\u00e1foro epidemiol\u00f3gico est\u00e9 en color naranja<\/strong>&nbsp;y no haya un cambio significativo.<\/p>\n\n\n\n<p><strong><em>\u201cEl mismo gobernador lo ha dicho, se ha platicado con los hoteleros, hoy por hoy el sem\u00e1foro naranja proh\u00edbe el uso de las playas p\u00fablicas y esa es la regla hasta que no demos paso a otro color de sem\u00e1for\u201d,<\/em><\/strong>&nbsp;dijo.<\/p>\n\n\n\n<p>Reconoci\u00f3 que&nbsp;<strong>s\u00f3lo los hoteles tienen autorizaci\u00f3n<\/strong>&nbsp;de que los turistas que se hospedan puedan acceder a las playas ya que lo hace&nbsp;<strong>bajo estrictas medidas sanitarias;<\/strong>&nbsp;esto pese a las cr\u00edticas que ha generado a nivel nacional.<\/p>\n\n\n\n<p>\u201c<strong><em>Lo que se ha establecido de manera muy clara es que los hoteles que han comenzado a tener actividad, sean muy responsables en la utilizaci\u00f3n de sus espacios p\u00fablicos; no son s\u00f3lo las playas, sino sus \u00e1reas de uso com\u00fan, como albercas, \u00e1reas de comida, donde los hoteles han invertido una buena cantidad de tiempo y recursos para capacitar a sus empleados<\/em><\/strong>\u201d, expuso el funcionario en conferencia de prensa.<\/p>\n\n\n\n<p>Dijo que de permitirse el&nbsp;<strong>uso sin restricci\u00f3n de playas p\u00fablicas<\/strong>, el control por parte del gobierno ya sea municipal o estatal&nbsp;<strong>se volver\u00eda muy complicado<\/strong>. Por eso est\u00e1 restringido en su totalidad el uso de playas, y en el caso de los hoteles que ya tienen actividad,&nbsp;<strong><em>\u201cpues los turistas s\u00ed podr\u00e1n hacer uso de \u00e9stas, con mucha cautela y cuidado\u201d<\/em><\/strong>, expuso.<\/p>\n<div class='share-to-whatsapp-wrapper'><div class='share-on-whsp'>Share on: <\/div><a data-text='Playas de Canc\u00fan seguir\u00e1n cerradas al p\u00fablico; acceso ser\u00e1 s\u00f3lo para turistas' data-link='https:\/\/visionpeninsular.com\/mid\/playas-de-cancun-seguiran-cerradas-al-publico-acceso-sera-solo-para-turistas\/' class='whatsapp-button whatsapp-share'>WhatsApp<\/a><div class='clear '><\/div><\/div>","protected":false},"excerpt":{"rendered":"<p>Hasta que no el sem\u00e1foro epidemiol\u00f3gico estatal no cambie a color verde, las playas de Canc\u00fan continuar\u00e1n cerradas al p\u00fablico, excepto para los turistas Canc\u00fan.- El nuevo Coordinador de Comunicaci\u00f3n Social de Gobierno del Estado de Quintana Roo,&nbsp;Carlos Orva\u00f1anos reiter\u00f3 que el&nbsp;cierre de las playas de Canc\u00fan&nbsp;(y en general del estado) es una medida temporal &hellip;<\/p>\n","protected":false},"author":1,"featured_media":129846,"comment_status":"open","ping_status":"open","sticky":false,"template":"","format":"standard","meta":{"_mi_skip_tracking":false},"categories":[47,39],"tags":[1671],"_links":{"self":[{"href":"https:\/\/visionpeninsular.com\/mid\/wp-json\/wp\/v2\/posts\/129845"}],"collection":[{"href":"https:\/\/visionpeninsular.com\/mid\/wp-json\/wp\/v2\/posts"}],"about":[{"href":"https:\/\/visionpeninsular.com\/mid\/wp-json\/wp\/v2\/types\/post"}],"author":[{"embeddable":true,"href":"https:\/\/visionpeninsular.com\/mid\/wp-json\/wp\/v2\/users\/1"}],"replies":[{"embeddable":true,"href":"https:\/\/visionpeninsular.com\/mid\/wp-json\/wp\/v2\/comments?post=129845"}],"version-history":[{"count":1,"href":"https:\/\/visionpeninsular.com\/mid\/wp-json\/wp\/v2\/posts\/129845\/revisions"}],"predecessor-version":[{"id":129847,"href":"https:\/\/visionpeninsular.com\/mid\/wp-json\/wp\/v2\/posts\/129845\/revisions\/129847"}],"wp:featuredmedia":[{"embeddable":true,"href":"https:\/\/visionpeninsular.com\/mid\/wp-json\/wp\/v2\/media\/129846"}],"wp:attachment":[{"href":"https:\/\/visionpeninsular.com\/mid\/wp-json\/wp\/v2\/media?parent=129845"}],"wp:term":[{"taxonomy":"category","embeddable":true,"href":"https:\/\/visionpeninsular.com\/mid\/wp-json\/wp\/v2\/categories?post=129845"},{"taxonomy":"post_tag","embeddable":true,"href":"https:\/\/visionpeninsular.com\/mid\/wp-json\/wp\/v2\/tags?post=129845"}],"curies":[{"name":"wp","href":"https:\/\/api.w.org\/{rel}","templated":true}]}}