{"id":129782,"date":"2020-07-06T11:25:08","date_gmt":"2020-07-06T16:25:08","guid":{"rendered":"http:\/\/visionpeninsular.com\/mid\/?p=129782"},"modified":"2020-07-06T11:25:16","modified_gmt":"2020-07-06T16:25:16","slug":"convoca-prohispen-al-premio-de-poesia-jose-diaz-bolio","status":"publish","type":"post","link":"https:\/\/visionpeninsular.com\/mid\/convoca-prohispen-al-premio-de-poesia-jose-diaz-bolio\/","title":{"rendered":"Convoca ProHispen al  Premio de Poes\u00eda \u201cJos\u00e9 D\u00edaz Bolio\u201d"},"content":{"rendered":"\n<p>El Centro Cultural ProHispen emiti\u00f3 &nbsp;la Convocatoria para el XX Premio Peninsular de Poes\u00eda \u201cJos\u00e9 D\u00edaz Bolio\u201d, con un est\u00edmulo econ\u00f3mico de 10 mil pesos.<\/p>\n\n\n\n<p>&nbsp;Se informa en un bolet\u00edn, que este certamen naci\u00f3 en 2001 con el prop\u00f3sito de impulsar la creaci\u00f3n literaria entre los habitantes de Yucat\u00e1n, Campeche y Quintana Roo, con especial \u00e9nfasis entre los j\u00f3venes escritores que se dedican a hacer poes\u00eda, lo cual lo llev\u00f3 a posicionarse como uno de los m\u00e1s importantes a nivel regional.<\/p>\n\n\n\n<p>El jurado de esta edici\u00f3n estar\u00e1 compuesto, al igual que en las anteriores, por tres escritores profesionales de reconocido prestigio por su obra po\u00e9tica y su trayectoria acad\u00e9mica en literatura. Habr\u00eda que se\u00f1alar que los tres son de diferente origen: uno es peninsular, uno de otra regi\u00f3n del pa\u00eds y uno m\u00e1s de otra naci\u00f3n.<\/p>\n\n\n\n<p>En ese sentido, en ediciones recientes el jurado calificador cont\u00f3 con personalidades como Ram\u00f3n Iv\u00e1n Su\u00e1rez Caamal, Luis Armenta Malpica, Luis Aguilar, Daniel Torres Rodr\u00edguez y Amado L\u00e1scar, entre otros, reconocidos por su integridad y profesionalismo.<\/p>\n\n\n\n<p>El tema ser\u00e1 libre y las obras deber\u00e1n ser originales e in\u00e9ditas, escritas en espa\u00f1ol y no estar participando en otro certamen al momento de esta convocatoria ni haber sido premiadas con anterioridad, y deber\u00e1n tener una extensi\u00f3n m\u00ednima de cinco cuartillas y no mayor a 20.<\/p>\n\n\n\n<p>La convocatoria quedar\u00e1 abierta desde su publicaci\u00f3n hasta el 31 de agosto. Para cualquier informaci\u00f3n sobre el premio, pueden comunicarse al Centro Cultural ProHispen al tel\u00e9fono 999-944-64-24, de lunes a viernes de 9 a.m. a 2 p.m.<\/p>\n\n\n\n<p>Jos\u00e9 D\u00edaz Bolio (1906-1998) fue un prol\u00edfico escritor, poeta y antrop\u00f3logo yucateco. Autor de numerosos poemarios que recorren los m\u00e1s diversos temas de la cultura maya, concluye el bolet\u00edn.<\/p>\n\n\n\n<p>De acuerdo a la Enciclopedia de la Literatura en M\u00e9xico, \u201cen \u2018El Mayab resplandeciente\u2019 (1934) D\u00edaz Bolio re\u00fane poemas en prosa, en donde recrea la filosof\u00eda maya frente a la naturaleza y el amor. \u2018En Palabras en primavera\u2019 (1934) poemas de juventud, conjuga el amor con lo ex\u00f3tico caracter\u00edstico de la regi\u00f3n. En \u2018Oraci\u00f3n r\u00fastica\u2019 (1943), rescata parte del lenguaje p\u00edcaro y coloquial de la misma. En \u2018S\u00f3nticos\u2019 (1939), mediante un elaborado ejercicio po\u00e9tico busc\u00f3 modificar la estructura cl\u00e1sica del soneto\u201d.<\/p>\n<div class='share-to-whatsapp-wrapper'><div class='share-on-whsp'>Share on: <\/div><a data-text='Convoca ProHispen al  Premio de Poes\u00eda \u201cJos\u00e9 D\u00edaz Bolio\u201d' data-link='https:\/\/visionpeninsular.com\/mid\/convoca-prohispen-al-premio-de-poesia-jose-diaz-bolio\/' class='whatsapp-button whatsapp-share'>WhatsApp<\/a><div class='clear '><\/div><\/div>","protected":false},"excerpt":{"rendered":"<p>El Centro Cultural ProHispen emiti\u00f3 &nbsp;la Convocatoria para el XX Premio Peninsular de Poes\u00eda \u201cJos\u00e9 D\u00edaz Bolio\u201d, con un est\u00edmulo econ\u00f3mico de 10 mil pesos. &nbsp;Se informa en un bolet\u00edn, que este certamen naci\u00f3 en 2001 con el prop\u00f3sito de impulsar la creaci\u00f3n literaria entre los habitantes de Yucat\u00e1n, Campeche y Quintana Roo, con especial &hellip;<\/p>\n","protected":false},"author":5,"featured_media":129783,"comment_status":"open","ping_status":"open","sticky":false,"template":"","format":"standard","meta":{"_mi_skip_tracking":false},"categories":[50,37],"tags":[3699,22311,3424],"_links":{"self":[{"href":"https:\/\/visionpeninsular.com\/mid\/wp-json\/wp\/v2\/posts\/129782"}],"collection":[{"href":"https:\/\/visionpeninsular.com\/mid\/wp-json\/wp\/v2\/posts"}],"about":[{"href":"https:\/\/visionpeninsular.com\/mid\/wp-json\/wp\/v2\/types\/post"}],"author":[{"embeddable":true,"href":"https:\/\/visionpeninsular.com\/mid\/wp-json\/wp\/v2\/users\/5"}],"replies":[{"embeddable":true,"href":"https:\/\/visionpeninsular.com\/mid\/wp-json\/wp\/v2\/comments?post=129782"}],"version-history":[{"count":1,"href":"https:\/\/visionpeninsular.com\/mid\/wp-json\/wp\/v2\/posts\/129782\/revisions"}],"predecessor-version":[{"id":129784,"href":"https:\/\/visionpeninsular.com\/mid\/wp-json\/wp\/v2\/posts\/129782\/revisions\/129784"}],"wp:featuredmedia":[{"embeddable":true,"href":"https:\/\/visionpeninsular.com\/mid\/wp-json\/wp\/v2\/media\/129783"}],"wp:attachment":[{"href":"https:\/\/visionpeninsular.com\/mid\/wp-json\/wp\/v2\/media?parent=129782"}],"wp:term":[{"taxonomy":"category","embeddable":true,"href":"https:\/\/visionpeninsular.com\/mid\/wp-json\/wp\/v2\/categories?post=129782"},{"taxonomy":"post_tag","embeddable":true,"href":"https:\/\/visionpeninsular.com\/mid\/wp-json\/wp\/v2\/tags?post=129782"}],"curies":[{"name":"wp","href":"https:\/\/api.w.org\/{rel}","templated":true}]}}