{"id":129649,"date":"2020-07-04T12:46:25","date_gmt":"2020-07-04T17:46:25","guid":{"rendered":"http:\/\/visionpeninsular.com\/mid\/?p=129649"},"modified":"2020-07-04T12:46:57","modified_gmt":"2020-07-04T17:46:57","slug":"la-industria-creativa-factor-de-cambio-en-las-comunidades","status":"publish","type":"post","link":"https:\/\/visionpeninsular.com\/mid\/la-industria-creativa-factor-de-cambio-en-las-comunidades\/","title":{"rendered":"La industria creativa, factor de cambio en las comunidades"},"content":{"rendered":"\n<p>La importancia de fortalecer la creatividad y el apoyo integral a las y los artesanos, fue el tema abordado en Encuentros y Visiones de esta semana, a trav\u00e9s de la plataforma digital Cultura en L\u00ednea, impulsada por el Gobernador Mauricio Vila Dosal para ofrecer actividades art\u00edsticas y acad\u00e9micas a la poblaci\u00f3n durante de la presente contingencia sanitaria.<\/p>\n\n\n\n<p>La sexta pl\u00e1tica virtual, organizada por la Secretar\u00eda de la Cultura y las Artes (Sedeculta), se titul\u00f3 \u201cArte popular: entre la modernidad y la tradici\u00f3n\u201d y fue moderada por la directora del Museo de Arte Popular de Yucat\u00e1n, Fiorella Remus Gonz\u00e1lez; tras la emisi\u00f3n, el contenido se encuentra disponible en canal oficial de YouTube de la dependencia.<\/p>\n\n\n\n<p>Las aportaciones estuvieron a cargo de la coordinadora de la Casa de las Artesan\u00edas, Aurora M\u00e9ndez Ballote, as\u00ed como las directoras adjunta de la Fundaci\u00f3n Haciendas del Mundo Maya, Paulina Gonz\u00e1lez Jauregui, y de Desarrollo Art\u00edstico y Gesti\u00f3n Cultural, Ana Ceballos Novelo, junto con la investigadora de la Direcci\u00f3n de Patrimonio Cultural, Silvia Ter\u00e1n Contreras; estas \u00faltimas dos, de la Sedeculta.<\/p>\n\n\n\n<p>Durante la charla, resaltaron que la uni\u00f3n del trabajo artesanal con el turismo fortalece la industria cultural y la sostenibilidad de las y los agentes que laboran desde su comunidad.<\/p>\n\n\n\n<p>En esta mesa, las ponentes coincidieron en la importancia de la sensibilizaci\u00f3n sobre la convivencia del patrimonio cultural con lo econ\u00f3mico, en materia de productividad, exportaci\u00f3n y empleo.<\/p>\n\n\n\n<figure class=\"wp-block-image size-large\"><img loading=\"lazy\" width=\"980\" height=\"488\" src=\"http:\/\/visionpeninsular.com\/mid\/wp-content\/uploads\/2020\/07\/visiones.jpg\" alt=\"\" class=\"wp-image-129651\" srcset=\"https:\/\/visionpeninsular.com\/mid\/wp-content\/uploads\/2020\/07\/visiones.jpg 980w, https:\/\/visionpeninsular.com\/mid\/wp-content\/uploads\/2020\/07\/visiones-300x149.jpg 300w, https:\/\/visionpeninsular.com\/mid\/wp-content\/uploads\/2020\/07\/visiones-768x382.jpg 768w, https:\/\/visionpeninsular.com\/mid\/wp-content\/uploads\/2020\/07\/visiones-660x330.jpg 660w\" sizes=\"(max-width: 980px) 100vw, 980px\" \/><\/figure>\n\n\n\n<p>Asimismo, resaltaron que la artesan\u00eda como industria creativa es el camino m\u00e1s efectivo para que las y los j\u00f3venes de las comunidades transformen su patrimonio biocultural, y as\u00ed, la inserten en la econom\u00eda del mercado.<\/p>\n\n\n\n<p>Encuentros y Visiones est\u00e1 disponible en Cultura en L\u00ednea, mediante la liga https:\/\/youtu.be\/gPfteKBUfe4, donde tambi\u00e9n hay conciertos, talleres, cursos para infantes, obras de teatro, entrevistas y c\u00e1psulas, entre otros contenidos.<\/p>\n<div class='share-to-whatsapp-wrapper'><div class='share-on-whsp'>Share on: <\/div><a data-text='La industria creativa, factor de cambio en las comunidades' data-link='https:\/\/visionpeninsular.com\/mid\/la-industria-creativa-factor-de-cambio-en-las-comunidades\/' class='whatsapp-button whatsapp-share'>WhatsApp<\/a><div class='clear '><\/div><\/div>","protected":false},"excerpt":{"rendered":"<p>La importancia de fortalecer la creatividad y el apoyo integral a las y los artesanos, fue el tema abordado en Encuentros y Visiones de esta semana, a trav\u00e9s de la plataforma digital Cultura en L\u00ednea, impulsada por el Gobernador Mauricio Vila Dosal para ofrecer actividades art\u00edsticas y acad\u00e9micas a la poblaci\u00f3n durante de la presente &hellip;<\/p>\n","protected":false},"author":5,"featured_media":129650,"comment_status":"open","ping_status":"open","sticky":false,"template":"","format":"standard","meta":{"_mi_skip_tracking":false},"categories":[50,37],"tags":[20654,22274,22273,1557],"_links":{"self":[{"href":"https:\/\/visionpeninsular.com\/mid\/wp-json\/wp\/v2\/posts\/129649"}],"collection":[{"href":"https:\/\/visionpeninsular.com\/mid\/wp-json\/wp\/v2\/posts"}],"about":[{"href":"https:\/\/visionpeninsular.com\/mid\/wp-json\/wp\/v2\/types\/post"}],"author":[{"embeddable":true,"href":"https:\/\/visionpeninsular.com\/mid\/wp-json\/wp\/v2\/users\/5"}],"replies":[{"embeddable":true,"href":"https:\/\/visionpeninsular.com\/mid\/wp-json\/wp\/v2\/comments?post=129649"}],"version-history":[{"count":1,"href":"https:\/\/visionpeninsular.com\/mid\/wp-json\/wp\/v2\/posts\/129649\/revisions"}],"predecessor-version":[{"id":129652,"href":"https:\/\/visionpeninsular.com\/mid\/wp-json\/wp\/v2\/posts\/129649\/revisions\/129652"}],"wp:featuredmedia":[{"embeddable":true,"href":"https:\/\/visionpeninsular.com\/mid\/wp-json\/wp\/v2\/media\/129650"}],"wp:attachment":[{"href":"https:\/\/visionpeninsular.com\/mid\/wp-json\/wp\/v2\/media?parent=129649"}],"wp:term":[{"taxonomy":"category","embeddable":true,"href":"https:\/\/visionpeninsular.com\/mid\/wp-json\/wp\/v2\/categories?post=129649"},{"taxonomy":"post_tag","embeddable":true,"href":"https:\/\/visionpeninsular.com\/mid\/wp-json\/wp\/v2\/tags?post=129649"}],"curies":[{"name":"wp","href":"https:\/\/api.w.org\/{rel}","templated":true}]}}