{"id":129296,"date":"2020-06-30T11:23:16","date_gmt":"2020-06-30T16:23:16","guid":{"rendered":"http:\/\/visionpeninsular.com\/mid\/?p=129296"},"modified":"2020-06-30T11:23:22","modified_gmt":"2020-06-30T16:23:22","slug":"sedeculta-dara-continuidad-a-varios-proyectos-de-la-comunidad-artistica","status":"publish","type":"post","link":"https:\/\/visionpeninsular.com\/mid\/sedeculta-dara-continuidad-a-varios-proyectos-de-la-comunidad-artistica\/","title":{"rendered":"SEDECULTA dar\u00e1 continuidad a varios proyectos de la comunidad art\u00edstica"},"content":{"rendered":"\n<p> Fuente: Yucat\u00e1n Ahora<\/p>\n\n\n\n<p>Con el objetivo de dar continuidad a los programas culturales y art\u00edsticos que desarrolla la Secretar\u00eda de la Cultura y las Artes (SEDECULTA) en la entidad, a partir de julio se publicar\u00e1n varias convocatorias para incentivar proyectos de la comunidad art\u00edstica.<\/p>\n\n\n\n<p>La titular de la dependencia estatal, Erica Millet Corona, inform\u00f3 que como parte del Apoyo a Instituciones Estatales de Cultura (AIEC) del Gobierno federal, se recibir\u00e1n 10 millones de pesos de subsidio para el dise\u00f1o de programas que promuevan e incentiven el arte y la producci\u00f3n art\u00edstica.<\/p>\n\n\n\n<p>Asimismo, precis\u00f3 que ya concluy\u00f3 la etapa de elaboraci\u00f3n del dise\u00f1o y adecuaci\u00f3n de los programas de trabajo que se desarrollar\u00e1n durante el segundo semestre del a\u00f1o, por lo que se tendr\u00e1n al menos cinco convocatorias distintas que incentiven la creaci\u00f3n de ideas de las artes esc\u00e9nicas, teatro, artes circenses, producci\u00f3n musical, creaci\u00f3n literaria en distintos g\u00e9neros y m\u00fasica, por mencionar algunas.<\/p>\n\n\n\n<p>Indic\u00f3 que por primera vez en lo que va de la actual administraci\u00f3n, se tendr\u00e1 la oportunidad de presentar una convocatoria de apoyo a las artes visuales.<\/p>\n\n\n\n<p>\u201cAcabamos de terminar este trabajo que ha sido muy complicado y detallado porque no solo hemos tenido que dise\u00f1ar, sino luego adecuar a las nuevas especificaciones que la situaci\u00f3n nos requiere y estoy muy contenta de compartir que esperamos una actividad muy intensa para los \u00faltimos meses del a\u00f1o, derivada de las convocatorias que vamos a generar a trav\u00e9s de este apoyo\u201d, detall\u00f3.<\/p>\n\n\n\n<p>De igual modo, continu\u00f3, este a\u00f1o se emitir\u00e1 una convocatoria de proyectos de teatro regional que sustituya al \u201cDelirio Teatral\u201d, evento que se realizaba de manera multitudinaria por las festividades del D\u00eda de Muertos, pero que por la pandemia no podr\u00e1 realizarse.<\/p>\n\n\n\n<p>Sin embargo, los artistas podr\u00e1n presentar sus propuestas de presentaciones de teatro regional, que aborden dicha tem\u00e1tica, que se celebra en el mes de octubre.<\/p>\n\n\n\n<p>Adem\u00e1s, asever\u00f3 Millet Corona, se retomar\u00e1 la publicaci\u00f3n de ocho nuevos t\u00edtulos que ya se hab\u00edan dictaminado por el Consejo Editorial que trabaj\u00f3 con SEDECULTA hasta principios de la administraci\u00f3n y que por temas econ\u00f3micos no fueron publicados.<\/p>\n\n\n\n<p>\u201cDe estos t\u00edtulos hemos hecho una selecci\u00f3n para avanzar un poco en esta deuda que hay pendiente con los autores cuyos t\u00edtulos ya hab\u00edan sido dictaminados\u201d, concluy\u00f3.<\/p>\n<div class='share-to-whatsapp-wrapper'><div class='share-on-whsp'>Share on: <\/div><a data-text='SEDECULTA dar\u00e1 continuidad a varios proyectos de la comunidad art\u00edstica' data-link='https:\/\/visionpeninsular.com\/mid\/sedeculta-dara-continuidad-a-varios-proyectos-de-la-comunidad-artistica\/' class='whatsapp-button whatsapp-share'>WhatsApp<\/a><div class='clear '><\/div><\/div>","protected":false},"excerpt":{"rendered":"<p>Fuente: Yucat\u00e1n Ahora Con el objetivo de dar continuidad a los programas culturales y art\u00edsticos que desarrolla la Secretar\u00eda de la Cultura y las Artes (SEDECULTA) en la entidad, a partir de julio se publicar\u00e1n varias convocatorias para incentivar proyectos de la comunidad art\u00edstica. La titular de la dependencia estatal, Erica Millet Corona, inform\u00f3 que &hellip;<\/p>\n","protected":false},"author":5,"featured_media":129300,"comment_status":"open","ping_status":"open","sticky":false,"template":"","format":"standard","meta":{"_mi_skip_tracking":false},"categories":[50,37],"tags":[22158,22159,2708,7971,1557],"_links":{"self":[{"href":"https:\/\/visionpeninsular.com\/mid\/wp-json\/wp\/v2\/posts\/129296"}],"collection":[{"href":"https:\/\/visionpeninsular.com\/mid\/wp-json\/wp\/v2\/posts"}],"about":[{"href":"https:\/\/visionpeninsular.com\/mid\/wp-json\/wp\/v2\/types\/post"}],"author":[{"embeddable":true,"href":"https:\/\/visionpeninsular.com\/mid\/wp-json\/wp\/v2\/users\/5"}],"replies":[{"embeddable":true,"href":"https:\/\/visionpeninsular.com\/mid\/wp-json\/wp\/v2\/comments?post=129296"}],"version-history":[{"count":1,"href":"https:\/\/visionpeninsular.com\/mid\/wp-json\/wp\/v2\/posts\/129296\/revisions"}],"predecessor-version":[{"id":129301,"href":"https:\/\/visionpeninsular.com\/mid\/wp-json\/wp\/v2\/posts\/129296\/revisions\/129301"}],"wp:featuredmedia":[{"embeddable":true,"href":"https:\/\/visionpeninsular.com\/mid\/wp-json\/wp\/v2\/media\/129300"}],"wp:attachment":[{"href":"https:\/\/visionpeninsular.com\/mid\/wp-json\/wp\/v2\/media?parent=129296"}],"wp:term":[{"taxonomy":"category","embeddable":true,"href":"https:\/\/visionpeninsular.com\/mid\/wp-json\/wp\/v2\/categories?post=129296"},{"taxonomy":"post_tag","embeddable":true,"href":"https:\/\/visionpeninsular.com\/mid\/wp-json\/wp\/v2\/tags?post=129296"}],"curies":[{"name":"wp","href":"https:\/\/api.w.org\/{rel}","templated":true}]}}