{"id":129131,"date":"2020-06-27T16:47:41","date_gmt":"2020-06-27T21:47:41","guid":{"rendered":"http:\/\/visionpeninsular.com\/mid\/?p=129131"},"modified":"2020-06-27T16:47:47","modified_gmt":"2020-06-27T21:47:47","slug":"siete-diputados-con-covid-19-en-visperas-de-periodo-extraordinario","status":"publish","type":"post","link":"https:\/\/visionpeninsular.com\/mid\/siete-diputados-con-covid-19-en-visperas-de-periodo-extraordinario\/","title":{"rendered":"Siete diputados con Covid-19, en v\u00edsperas de periodo extraordinario"},"content":{"rendered":"\n<p><em>Ciudad de M\u00e9xico.<\/em>&nbsp;El lunes iniciar\u00eda el periodo extraordinario de sesiones en la C\u00e1mara de Diputados, mismo que se prolongar\u00e1 un d\u00eda despu\u00e9s, el martes, y de los integrantes de las bancadas que se han presentado a realizarse pruebas de detecci\u00f3n de Covid-19, siete han resultado positivos.<\/p>\n\n\n\n<p>El total de diputados suma 500. De ellos m\u00e1s de 100 no acudir\u00e1n al Palacio Legislativo de San L\u00e1zaro porque rebasan los 60 a\u00f1os de edad y en acato a las exigencias de salud y sanitizaci\u00f3n se ausentar\u00e1n de ambas sesiones con objeto de salvaguardar integridad. Al resto se les sugiri\u00f3 aplicarse la prueba del virus, la cual es opcional.<\/p>\n\n\n\n<p>De los que s\u00ed han decidido hacerse la prueba, hasta hoy suman siete los representantes populares que recibieron el resultado positivo del breve examen -por medio de un hisopo- y lo han abierto a la opini\u00f3n p\u00fablica.<\/p>\n\n\n\n<p>Este medio d\u00eda, Josefina Salazar, diputada del PAN, dio a conocer a trav\u00e9s de un tuit su diagn\u00f3stico a trav\u00e9s de la prueba: \u201cAcud\u00ed a realizarme la prueba de #COVID19 para poder asistir el domingo a la sesi\u00f3n de la Comisi\u00f3n Permanente en la CDMX y di positivo. Gracias a Dios hasta el momento no presento ning\u00fan s\u00edntoma y ya me encuentro en aislamiento. Los mantendr\u00e9 al tanto\u201d.<\/p>\n\n\n\n<p>La v\u00edspera se conoc\u00eda de seis diputadas y diputados que ya fueron tocados por la infecci\u00f3n. Carmen Medel Palma (Morena), Jos\u00e9 Luis Elorza; Cecilia Patr\u00f3n (PAN); Jorge Alcib\u00edades y Mar\u00eda Libier Gonz\u00e1lez (PES) y Mar\u00eda Rosete (MC). <strong>(LA JORNADA)<\/strong><\/p>\n<div class='share-to-whatsapp-wrapper'><div class='share-on-whsp'>Share on: <\/div><a data-text='Siete diputados con Covid-19, en v\u00edsperas de periodo extraordinario' data-link='https:\/\/visionpeninsular.com\/mid\/siete-diputados-con-covid-19-en-visperas-de-periodo-extraordinario\/' class='whatsapp-button whatsapp-share'>WhatsApp<\/a><div class='clear '><\/div><\/div>","protected":false},"excerpt":{"rendered":"<p>Ciudad de M\u00e9xico.&nbsp;El lunes iniciar\u00eda el periodo extraordinario de sesiones en la C\u00e1mara de Diputados, mismo que se prolongar\u00e1 un d\u00eda despu\u00e9s, el martes, y de los integrantes de las bancadas que se han presentado a realizarse pruebas de detecci\u00f3n de Covid-19, siete han resultado positivos. El total de diputados suma 500. De ellos m\u00e1s &hellip;<\/p>\n","protected":false},"author":10,"featured_media":129132,"comment_status":"open","ping_status":"open","sticky":false,"template":"","format":"standard","meta":{"_mi_skip_tracking":false},"categories":[19567],"tags":[188],"_links":{"self":[{"href":"https:\/\/visionpeninsular.com\/mid\/wp-json\/wp\/v2\/posts\/129131"}],"collection":[{"href":"https:\/\/visionpeninsular.com\/mid\/wp-json\/wp\/v2\/posts"}],"about":[{"href":"https:\/\/visionpeninsular.com\/mid\/wp-json\/wp\/v2\/types\/post"}],"author":[{"embeddable":true,"href":"https:\/\/visionpeninsular.com\/mid\/wp-json\/wp\/v2\/users\/10"}],"replies":[{"embeddable":true,"href":"https:\/\/visionpeninsular.com\/mid\/wp-json\/wp\/v2\/comments?post=129131"}],"version-history":[{"count":1,"href":"https:\/\/visionpeninsular.com\/mid\/wp-json\/wp\/v2\/posts\/129131\/revisions"}],"predecessor-version":[{"id":129133,"href":"https:\/\/visionpeninsular.com\/mid\/wp-json\/wp\/v2\/posts\/129131\/revisions\/129133"}],"wp:featuredmedia":[{"embeddable":true,"href":"https:\/\/visionpeninsular.com\/mid\/wp-json\/wp\/v2\/media\/129132"}],"wp:attachment":[{"href":"https:\/\/visionpeninsular.com\/mid\/wp-json\/wp\/v2\/media?parent=129131"}],"wp:term":[{"taxonomy":"category","embeddable":true,"href":"https:\/\/visionpeninsular.com\/mid\/wp-json\/wp\/v2\/categories?post=129131"},{"taxonomy":"post_tag","embeddable":true,"href":"https:\/\/visionpeninsular.com\/mid\/wp-json\/wp\/v2\/tags?post=129131"}],"curies":[{"name":"wp","href":"https:\/\/api.w.org\/{rel}","templated":true}]}}