{"id":128791,"date":"2020-06-23T14:12:58","date_gmt":"2020-06-23T19:12:58","guid":{"rendered":"http:\/\/visionpeninsular.com\/mid\/?p=128791"},"modified":"2020-06-23T14:13:04","modified_gmt":"2020-06-23T19:13:04","slug":"sismo-deja-dos-lesionados-y-32-edificios-danados-en-cdmx","status":"publish","type":"post","link":"https:\/\/visionpeninsular.com\/mid\/sismo-deja-dos-lesionados-y-32-edificios-danados-en-cdmx\/","title":{"rendered":"Sismo deja dos lesionados y 32 edificios da\u00f1ados en CDMX"},"content":{"rendered":"\n<p>El sismo registrado a las 10:29 horas de este martes, con magnitud 7.5 localizado en Crucecita, Oaxaca, dej\u00f3 como saldo dos personas lesionadas y da\u00f1os en 32 edificios en la Ciudad de M\u00e9xico, report\u00f3 la jefa de Gobierno, Claudia Sheinbaum.\u00a0<\/p>\n\n\n\n<p>Entre los lesionados detall\u00f3 que entre los lesionados se encuentra un hombre que fue trasladado al Hospital Rub\u00e9n Le\u00f1ero, debido a que le cay\u00f3 un cable de alta tensi\u00f3n en la alcald\u00eda Iztapalapa ; as\u00ed como un menor que se cay\u00f3 que est\u00e1 siendo atendido en el Hospital Pedi\u00e1trico de Moctezuma.<\/p>\n\n\n\n<p>Se\u00f1al\u00f3 que funcion\u00f3 el 97.5 por ciento de las alarmas s\u00edsmicas, las cuales\u00a0sonaron 62 segundos antes de que llegara el sismo al territorio de la Ciudad de M\u00e9xico.\u00a0<\/p>\n\n\n\n<div class=\"wp-block-image\"><figure class=\"aligncenter size-large is-resized\"><img loading=\"lazy\" src=\"http:\/\/visionpeninsular.com\/mid\/wp-content\/uploads\/2020\/06\/sismo-nuevo.jpg\" alt=\"\" class=\"wp-image-128782\" width=\"375\" height=\"202\" srcset=\"https:\/\/visionpeninsular.com\/mid\/wp-content\/uploads\/2020\/06\/sismo-nuevo.jpg 799w, https:\/\/visionpeninsular.com\/mid\/wp-content\/uploads\/2020\/06\/sismo-nuevo-300x161.jpg 300w, https:\/\/visionpeninsular.com\/mid\/wp-content\/uploads\/2020\/06\/sismo-nuevo-768x411.jpg 768w\" sizes=\"(max-width: 375px) 100vw, 375px\" \/><\/figure><\/div>\n\n\n\n<p>Se tiene reporte de da\u00f1os en fachadas y bardas de edificios principalmente en las alcald\u00edas Cuauht\u00e9moc, Iztapalapa, Benito Ju\u00e1rez y Gustavo A. Madero, algunos de ellos en proceso de demolici\u00f3n y con afectaciones por el sismo de 2017.&nbsp;<\/p>\n\n\n\n<p>Afirm\u00f3 que el servicio el\u00e9ctrico se restableci\u00f3 en la mayor\u00eda de las zonas de la Ciudad de M\u00e9xico.\u00a0 (EXCELSIOR)<\/p>\n<div class='share-to-whatsapp-wrapper'><div class='share-on-whsp'>Share on: <\/div><a data-text='Sismo deja dos lesionados y 32 edificios da\u00f1ados en CDMX' data-link='https:\/\/visionpeninsular.com\/mid\/sismo-deja-dos-lesionados-y-32-edificios-danados-en-cdmx\/' class='whatsapp-button whatsapp-share'>WhatsApp<\/a><div class='clear '><\/div><\/div>","protected":false},"excerpt":{"rendered":"<p>El sismo registrado a las 10:29 horas de este martes, con magnitud 7.5 localizado en Crucecita, Oaxaca, dej\u00f3 como saldo dos personas lesionadas y da\u00f1os en 32 edificios en la Ciudad de M\u00e9xico, report\u00f3 la jefa de Gobierno, Claudia Sheinbaum.\u00a0 Entre los lesionados detall\u00f3 que entre los lesionados se encuentra un hombre que fue trasladado &hellip;<\/p>\n","protected":false},"author":10,"featured_media":128792,"comment_status":"open","ping_status":"open","sticky":false,"template":"","format":"standard","meta":{"_mi_skip_tracking":false},"categories":[19567],"tags":[22016],"_links":{"self":[{"href":"https:\/\/visionpeninsular.com\/mid\/wp-json\/wp\/v2\/posts\/128791"}],"collection":[{"href":"https:\/\/visionpeninsular.com\/mid\/wp-json\/wp\/v2\/posts"}],"about":[{"href":"https:\/\/visionpeninsular.com\/mid\/wp-json\/wp\/v2\/types\/post"}],"author":[{"embeddable":true,"href":"https:\/\/visionpeninsular.com\/mid\/wp-json\/wp\/v2\/users\/10"}],"replies":[{"embeddable":true,"href":"https:\/\/visionpeninsular.com\/mid\/wp-json\/wp\/v2\/comments?post=128791"}],"version-history":[{"count":1,"href":"https:\/\/visionpeninsular.com\/mid\/wp-json\/wp\/v2\/posts\/128791\/revisions"}],"predecessor-version":[{"id":128793,"href":"https:\/\/visionpeninsular.com\/mid\/wp-json\/wp\/v2\/posts\/128791\/revisions\/128793"}],"wp:featuredmedia":[{"embeddable":true,"href":"https:\/\/visionpeninsular.com\/mid\/wp-json\/wp\/v2\/media\/128792"}],"wp:attachment":[{"href":"https:\/\/visionpeninsular.com\/mid\/wp-json\/wp\/v2\/media?parent=128791"}],"wp:term":[{"taxonomy":"category","embeddable":true,"href":"https:\/\/visionpeninsular.com\/mid\/wp-json\/wp\/v2\/categories?post=128791"},{"taxonomy":"post_tag","embeddable":true,"href":"https:\/\/visionpeninsular.com\/mid\/wp-json\/wp\/v2\/tags?post=128791"}],"curies":[{"name":"wp","href":"https:\/\/api.w.org\/{rel}","templated":true}]}}