{"id":128712,"date":"2020-06-22T16:10:35","date_gmt":"2020-06-22T21:10:35","guid":{"rendered":"http:\/\/visionpeninsular.com\/mid\/?p=128712"},"modified":"2020-06-22T16:10:39","modified_gmt":"2020-06-22T21:10:39","slug":"el-gobernador-mauricio-vila-dosal-realiza-una-visita-de-supervision-a-la-nueva-unidad-operativa-de-terapia-intensiva-para-pacientes-con-coronavirus-en-la-x-region-militar","status":"publish","type":"post","link":"https:\/\/visionpeninsular.com\/mid\/el-gobernador-mauricio-vila-dosal-realiza-una-visita-de-supervision-a-la-nueva-unidad-operativa-de-terapia-intensiva-para-pacientes-con-coronavirus-en-la-x-region-militar\/","title":{"rendered":"El Gobernador Mauricio Vila Dosal realiza una visita de supervisi\u00f3n a la nueva Unidad Operativa de Terapia Intensiva para pacientes con Coronavirus en la X Regi\u00f3n Militar"},"content":{"rendered":"\n<p>M\u00e9rida, Yucat\u00e1n, 22 de junio de 2020.- El Gobernador Mauricio Vila Dosal supervis\u00f3 la nueva Unidad Operativa de Terapia Intensiva (UOTI) en las instalaciones de la X Regi\u00f3n Militar, la cual cuenta con 20 camas adicionales para atender a pacientes graves con Coronavirus y contribuye a ampliar la capacidad hospitalaria en el estado ante esta contingencia sanitaria.<\/p>\n\n\n\n<p>Junto con los comandantes de la X Regi\u00f3n Militar, General de Divisi\u00f3n V\u00edctor Hugo Aguirre Serna y de la 32 Zona Militar, General de Brigada Andr\u00e9s Fernando Aguirre O. Sunza, Vila Dosal recorri\u00f3 las \u00e1reas que corresponden al 7 Batall\u00f3n de Ingenieros de Combate dentro de este campo militar que, tras un proceso de reconversi\u00f3n, se habilitaron como este nuevo espacio m\u00e9dico de cuidados intensivos.<\/p>\n\n\n\n<figure class=\"wp-block-image size-large\"><img loading=\"lazy\" width=\"1280\" height=\"852\" src=\"https:\/\/i2.wp.com\/visionpeninsular.com\/mid\/wp-content\/uploads\/2020\/06\/image00002-16.jpeg?fit=618%2C412\" alt=\"\" class=\"wp-image-128713\" srcset=\"https:\/\/visionpeninsular.com\/mid\/wp-content\/uploads\/2020\/06\/image00002-16.jpeg 1280w, https:\/\/visionpeninsular.com\/mid\/wp-content\/uploads\/2020\/06\/image00002-16-300x200.jpeg 300w, https:\/\/visionpeninsular.com\/mid\/wp-content\/uploads\/2020\/06\/image00002-16-1024x682.jpeg 1024w, https:\/\/visionpeninsular.com\/mid\/wp-content\/uploads\/2020\/06\/image00002-16-768x511.jpeg 768w, https:\/\/visionpeninsular.com\/mid\/wp-content\/uploads\/2020\/06\/image00002-16-310x205.jpeg 310w\" sizes=\"(max-width: 1280px) 100vw, 1280px\" \/><\/figure>\n\n\n\n<p>Acompa\u00f1ado del titular de la Secretar\u00eda de Salud de Yucat\u00e1n (SSY), Mauricio Sauri Vivas, el Gobernador constat\u00f3 las labores que se llevaron a cabo en este lugar y visit\u00f3 el M\u00f3dulo de Vinculaci\u00f3n Familiar, \u00e1rea que fue dise\u00f1ada para atender a familias de pacientes que lleguen a ser internados en la UOTI, as\u00ed como el comedor y la zona de descanso para el personal m\u00e9dico.<\/p>\n\n\n\n<p>Durante el recorrido de Vila Dosal, el Mayor de Zapadores Vicente Camargo Mart\u00ednez, director de la UOTI, explic\u00f3 que el proceso de reconversi\u00f3n de las \u00e1reas comenz\u00f3 el pasado 9 de abril y ya est\u00e1n listas con capacidad de 20 camas, en la que prestar\u00e1n servicio personal m\u00e9dico conformado por 12 militares y 36 civiles.<\/p>\n\n\n\n<figure class=\"wp-block-image size-large\"><img loading=\"lazy\" width=\"1280\" height=\"852\" src=\"https:\/\/i0.wp.com\/visionpeninsular.com\/mid\/wp-content\/uploads\/2020\/06\/image00001-18.jpeg?fit=618%2C412\" alt=\"\" class=\"wp-image-128714\" srcset=\"https:\/\/visionpeninsular.com\/mid\/wp-content\/uploads\/2020\/06\/image00001-18.jpeg 1280w, https:\/\/visionpeninsular.com\/mid\/wp-content\/uploads\/2020\/06\/image00001-18-300x200.jpeg 300w, https:\/\/visionpeninsular.com\/mid\/wp-content\/uploads\/2020\/06\/image00001-18-1024x682.jpeg 1024w, https:\/\/visionpeninsular.com\/mid\/wp-content\/uploads\/2020\/06\/image00001-18-768x511.jpeg 768w, https:\/\/visionpeninsular.com\/mid\/wp-content\/uploads\/2020\/06\/image00001-18-310x205.jpeg 310w\" sizes=\"(max-width: 1280px) 100vw, 1280px\" \/><\/figure>\n\n\n\n<p>Entre los profesionales de la salud que se desempe\u00f1ar\u00e1n se encuentran m\u00e9dicos y enfermeras especialistas y generales, laboratoristas, especialistas en rayos X, capturistas y afanadores.<\/p>\n\n\n\n<p>Al ingresas a la UOTI, el Mayor m\u00e9dico cirujano, Roberto Padilla Barrales, le explic\u00f3 a Vila Dosal los procedimientos que el personal llevar\u00e1 a cabo en esta \u00e1rea, as\u00ed como las medidas preventivas que se han dispuesto y los equipos con los que el personal m\u00e9dico y hospitalario cuenta para atender a los pacientes.<\/p>\n\n\n\n<p>Asimismo, se record\u00f3 que para habilitar esta Unidad se instal\u00f3 una red el\u00e9ctrica de media tensi\u00f3n con transformador de 150 kilowatts (kW) y una planta de energ\u00eda el\u00e9ctrica 125 kW, as\u00ed como una red de gases medicinales y unidades de aire acondicionado.<\/p>\n\n\n\n<figure class=\"wp-block-image size-large\"><img loading=\"lazy\" width=\"1280\" height=\"852\" src=\"https:\/\/i1.wp.com\/visionpeninsular.com\/mid\/wp-content\/uploads\/2020\/06\/image00005-5.jpeg?fit=618%2C412\" alt=\"\" class=\"wp-image-128715\" srcset=\"https:\/\/visionpeninsular.com\/mid\/wp-content\/uploads\/2020\/06\/image00005-5.jpeg 1280w, https:\/\/visionpeninsular.com\/mid\/wp-content\/uploads\/2020\/06\/image00005-5-300x200.jpeg 300w, https:\/\/visionpeninsular.com\/mid\/wp-content\/uploads\/2020\/06\/image00005-5-1024x682.jpeg 1024w, https:\/\/visionpeninsular.com\/mid\/wp-content\/uploads\/2020\/06\/image00005-5-768x511.jpeg 768w, https:\/\/visionpeninsular.com\/mid\/wp-content\/uploads\/2020\/06\/image00005-5-310x205.jpeg 310w\" sizes=\"(max-width: 1280px) 100vw, 1280px\" \/><\/figure>\n\n\n\n<p>Tambi\u00e9n se construyeron 3 nuevos locales, de los cuales uno se habilit\u00f3 para lavander\u00eda, otro para resguardar equipo industrial y otro como dep\u00f3sito temporal. Asimismo, se construy\u00f3 una rampa de acceso para el arribo y evacuaci\u00f3n de pacientes a trav\u00e9s de ambulancia.<\/p>\n\n\n\n<p>En la visita, se indic\u00f3 que la UOTI se complementa con el \u00e1rea de hospitalizaci\u00f3n para atender a pacientes con Coronavirus que el Ej\u00e9rcito mexicano habilit\u00f3 en la parte correspondiente al 11 Batall\u00f3n de Infanter\u00eda, que tambi\u00e9n se encuentra al interior de la X Regi\u00f3n Militar.<\/p>\n\n\n\n<p>Previo al recorrido, el Gobernador y los altos mandos militares sostuvieron un encuentro en donde abordaron diferentes temas y acordaron mantener la coordinaci\u00f3n en materia de seguridad y de apoyo a la poblaci\u00f3n. En ese sentido, Vila Dosal destac\u00f3 la labor de las Fuerzas Armadas para auxiliar a los yucatecos que resultaron afectados con las lluvias que generaron las tormentas tropicales \u201cAmanda\u201d y \u201cCrist\u00f3bal\u201d en su paso por el territorio estatal, en especial en donde se registraron inundaciones y las familias tuvieron que abandonar sus casas.<\/p>\n<div class='share-to-whatsapp-wrapper'><div class='share-on-whsp'>Share on: <\/div><a data-text='El Gobernador Mauricio Vila Dosal realiza una visita de supervisi\u00f3n a la nueva Unidad Operativa de Terapia Intensiva para pacientes con Coronavirus en la X Regi\u00f3n Militar' data-link='https:\/\/visionpeninsular.com\/mid\/el-gobernador-mauricio-vila-dosal-realiza-una-visita-de-supervision-a-la-nueva-unidad-operativa-de-terapia-intensiva-para-pacientes-con-coronavirus-en-la-x-region-militar\/' class='whatsapp-button whatsapp-share'>WhatsApp<\/a><div class='clear '><\/div><\/div>","protected":false},"excerpt":{"rendered":"<p>M\u00e9rida, Yucat\u00e1n, 22 de junio de 2020.- El Gobernador Mauricio Vila Dosal supervis\u00f3 la nueva Unidad Operativa de Terapia Intensiva (UOTI) en las instalaciones de la X Regi\u00f3n Militar, la cual cuenta con 20 camas adicionales para atender a pacientes graves con Coronavirus y contribuye a ampliar la capacidad hospitalaria en el estado ante esta &hellip;<\/p>\n","protected":false},"author":1,"featured_media":128716,"comment_status":"open","ping_status":"open","sticky":false,"template":"","format":"standard","meta":{"_mi_skip_tracking":false},"categories":[49,37],"tags":[19772,40,1064],"_links":{"self":[{"href":"https:\/\/visionpeninsular.com\/mid\/wp-json\/wp\/v2\/posts\/128712"}],"collection":[{"href":"https:\/\/visionpeninsular.com\/mid\/wp-json\/wp\/v2\/posts"}],"about":[{"href":"https:\/\/visionpeninsular.com\/mid\/wp-json\/wp\/v2\/types\/post"}],"author":[{"embeddable":true,"href":"https:\/\/visionpeninsular.com\/mid\/wp-json\/wp\/v2\/users\/1"}],"replies":[{"embeddable":true,"href":"https:\/\/visionpeninsular.com\/mid\/wp-json\/wp\/v2\/comments?post=128712"}],"version-history":[{"count":1,"href":"https:\/\/visionpeninsular.com\/mid\/wp-json\/wp\/v2\/posts\/128712\/revisions"}],"predecessor-version":[{"id":128717,"href":"https:\/\/visionpeninsular.com\/mid\/wp-json\/wp\/v2\/posts\/128712\/revisions\/128717"}],"wp:featuredmedia":[{"embeddable":true,"href":"https:\/\/visionpeninsular.com\/mid\/wp-json\/wp\/v2\/media\/128716"}],"wp:attachment":[{"href":"https:\/\/visionpeninsular.com\/mid\/wp-json\/wp\/v2\/media?parent=128712"}],"wp:term":[{"taxonomy":"category","embeddable":true,"href":"https:\/\/visionpeninsular.com\/mid\/wp-json\/wp\/v2\/categories?post=128712"},{"taxonomy":"post_tag","embeddable":true,"href":"https:\/\/visionpeninsular.com\/mid\/wp-json\/wp\/v2\/tags?post=128712"}],"curies":[{"name":"wp","href":"https:\/\/api.w.org\/{rel}","templated":true}]}}