{"id":128690,"date":"2020-06-22T12:31:19","date_gmt":"2020-06-22T17:31:19","guid":{"rendered":"http:\/\/visionpeninsular.com\/mid\/?p=128690"},"modified":"2020-06-22T12:31:27","modified_gmt":"2020-06-22T17:31:27","slug":"nueva-normalidad-propicia-repunte-en-casos-de-sarna","status":"publish","type":"post","link":"https:\/\/visionpeninsular.com\/mid\/nueva-normalidad-propicia-repunte-en-casos-de-sarna\/","title":{"rendered":"NUEVA NORMALIDAD PROPICIA REPUNTE EN CASOS DE SARNA"},"content":{"rendered":"\n<p>En el Estado se registr\u00f3 un aumento de sarna en humanos, consecuencia del regreso a la nueva normalidad, al grado de que tan s\u00f3lo la semana pasada se diagnostic\u00f3 dos casos cada tres horas, revel\u00f3 la Secretar\u00eda de Salud de Yucat\u00e1n (SSY).<\/p>\n\n\n\n<p>Asimismo, Tlaxcala desbanc\u00f3 a Yucat\u00e1n en conjuntivitis, por lo que ya se ubica entre las nueve entidades federativas con menor incidencia.<\/p>\n\n\n\n<p>Incluso, a pesar de los efectos de la tormenta tropical Crist\u00f3bal, no se presentaron casos de dengue, aunque s\u00ed proliferaron dos especies de moscos de los humedales, espec\u00edficamente, el Aedes taeniorhynchus o \u201cmosco negro\u201d, vector de la encefalitis equina venezolana, cuyo virus no circula en M\u00e9xico desde hace m\u00e1s de 40 a\u00f1os, as\u00ed como al Psorophoras.<\/p>\n\n\n\n<figure class=\"wp-block-image size-large\"><img loading=\"lazy\" width=\"988\" height=\"468\" src=\"http:\/\/visionpeninsular.com\/mid\/wp-content\/uploads\/2020\/06\/sarna-hoy.jpg\" alt=\"\" class=\"wp-image-128692\" srcset=\"https:\/\/visionpeninsular.com\/mid\/wp-content\/uploads\/2020\/06\/sarna-hoy.jpg 988w, https:\/\/visionpeninsular.com\/mid\/wp-content\/uploads\/2020\/06\/sarna-hoy-300x142.jpg 300w, https:\/\/visionpeninsular.com\/mid\/wp-content\/uploads\/2020\/06\/sarna-hoy-768x364.jpg 768w\" sizes=\"(max-width: 988px) 100vw, 988px\" \/><\/figure>\n\n\n\n<p>Durante la semana epidemiol\u00f3gica n\u00famero 23, correspondiente del 31 de mayo pasado al 6 del mes en curso, se mantienen bajas dichas enfermedades, al igual que la sarna y la varicela.<\/p>\n\n\n\n<p>En esta ocasi\u00f3n, en Yucat\u00e1n no se establecieron r\u00e9cords de m\u00ednima incidencia en varicela, conjuntivitis, dengue, influenza y sarna, pero se mantiene constante la reducci\u00f3n de dichas enfermedades, en comparaci\u00f3n con las cifras del a\u00f1o pasado, debido a la puesta en marcha de la Jornada Nacional de Sana Distancia por Covid-19.<\/p>\n\n\n\n<p>Con tal m\u00e9todo preventivo, al menos en Yucat\u00e1n ha disminuido de manera notable la propagaci\u00f3n del dengue, la influenza, la varicela, la escabiosis y la conjuntivitis, principalmente, las cuales son las m\u00e1s comunes y con alto \u00edndice de morbilidad as\u00ed como de mortalidad en las dos primeras patolog\u00edas mencionadas.<\/p>\n\n\n\n<p>En la Pen\u00ednsula de Yucat\u00e1n, desde hace una quincena no se registran personas contagiadas por el mosco Aedes aegypti.<\/p>\n\n\n\n<figure class=\"wp-block-image size-large\"><img loading=\"lazy\" width=\"968\" height=\"516\" src=\"http:\/\/visionpeninsular.com\/mid\/wp-content\/uploads\/2020\/06\/team.jpg\" alt=\"\" class=\"wp-image-128693\" srcset=\"https:\/\/visionpeninsular.com\/mid\/wp-content\/uploads\/2020\/06\/team.jpg 968w, https:\/\/visionpeninsular.com\/mid\/wp-content\/uploads\/2020\/06\/team-300x160.jpg 300w, https:\/\/visionpeninsular.com\/mid\/wp-content\/uploads\/2020\/06\/team-768x409.jpg 768w, https:\/\/visionpeninsular.com\/mid\/wp-content\/uploads\/2020\/06\/team-310x165.jpg 310w\" sizes=\"(max-width: 968px) 100vw, 968px\" \/><\/figure>\n\n\n\n<p>Asimismo, desde hace nueve semanas es nula la presencia de la influenza en la regi\u00f3n, durante todo abril y mayo pasado.<\/p>\n\n\n\n<p>En la cuarta semana de la Temporada Interestacional de Influenza, en la Rep\u00fablica Mexicana se detect\u00f3 el primer caso de esta mortal patolog\u00eda, espec\u00edficamente en Sinaloa.<\/p>\n\n\n\n<figure class=\"wp-block-image size-large\"><img loading=\"lazy\" width=\"956\" height=\"480\" src=\"http:\/\/visionpeninsular.com\/mid\/wp-content\/uploads\/2020\/06\/mosquitos-sarna.jpg\" alt=\"\" class=\"wp-image-128694\" srcset=\"https:\/\/visionpeninsular.com\/mid\/wp-content\/uploads\/2020\/06\/mosquitos-sarna.jpg 956w, https:\/\/visionpeninsular.com\/mid\/wp-content\/uploads\/2020\/06\/mosquitos-sarna-300x151.jpg 300w, https:\/\/visionpeninsular.com\/mid\/wp-content\/uploads\/2020\/06\/mosquitos-sarna-768x386.jpg 768w, https:\/\/visionpeninsular.com\/mid\/wp-content\/uploads\/2020\/06\/mosquitos-sarna-660x330.jpg 660w\" sizes=\"(max-width: 956px) 100vw, 956px\" \/><\/figure>\n\n\n\n<p>Hasta el momento, el decremento de ambas patolog\u00edas letales es debido tanto a las condiciones clim\u00e1ticas como a la suspensi\u00f3n temporal de actividades.<\/p>\n\n\n\n<p>En lo que va del a\u00f1o, en el Estado ya se registraron cinco mil 189 casos de conjuntivitis, mil 30 de escabiosis, 697 de varicela, 130 de dengue y 19 de influenza.<\/p>\n\n\n\n<p>Las cifras semanales se tornan cada vez m\u00e1s bajas desde el inicio en M\u00e9xico de la pandemia de Covid-19, a partir de mediados de marzo pasado, a excepci\u00f3n de la escabiosis, que tuvo 37 casos, la m\u00e1s alta en dos meses.<\/p>\n\n\n\n<p>En las primeras 13 semanas de aplicaci\u00f3n del aislamiento social es notable el control del brote de conjuntivitis en la entidad, molestosa patolog\u00eda que prevalec\u00eda desde 2015.<\/p>\n\n\n\n<p>Tan s\u00f3lo en la actual semana epidemiol\u00f3gica se registraron 110 casos de conjuntivitis, entre las cifras m\u00e1s baja en los \u00faltimos seis a\u00f1os, tomando en cuenta que el brote inici\u00f3 a principios de 2015, sin que se tuviera un control del mal.<\/p>\n\n\n\n<p>La cifra registrada ahora es inferior al m\u00e1ximo correspondiente en 2014, un a\u00f1o antes del brote epid\u00e9mico, que fue de 130, aunque el r\u00e9cord se estableci\u00f3 en la semana epidemiol\u00f3gica 19 del a\u00f1o en curso, con 68 casos.<\/p>\n\n\n\n<p>Tambi\u00e9n es m\u00ednima la propagaci\u00f3n de varicela, registrando las cifras m\u00e1s bajas del a\u00f1o y hoy fueron tres los infectados de este mal, la cifra m\u00e1s baja registrada de 2015 a la fecha, la cual tambi\u00e9n se registr\u00f3 hace tres semanas.<\/p>\n\n\n\n<p>En esta ocasi\u00f3n no hubo una reducci\u00f3n en escabiosis o sarna, en esta ocasi\u00f3n fueron 37 las personas afectadas. Cabe destacar que hace cuatro semanas fueron 12 los casos confirmados, la m\u00e1s baja de 2014 a la actualidad.<\/p>\n\n\n\n<p>Antes de la aplicaci\u00f3n de la estrategia de \u201c\u00a1Qu\u00e9date en casa!\u201d, en la primera semana de marzo, Yucat\u00e1n estaba en el s\u00e9ptimo lugar de la tabla nacional de dengue, en el octavo sitio de escabiosis, en el pelda\u00f1o 13 de varicela, y en la posici\u00f3n 29 de influenza.<\/p>\n\n\n\n<p>Actualmente, la entidad est\u00e1 en el noveno lugar de la tabla nacional de dengue, en el d\u00e9cimo sitio de escabiosis, en la posici\u00f3n 16 de varicela, en el sitio 24 de conjuntivitis, y en el pelda\u00f1o 31 de influenza.<\/p>\n\n\n\n<p>Finalmente, en lo que va del a\u00f1o, en el Estado ya se registraron 19 casos de influenza, con una disminuci\u00f3n del 63.4 por ciento con respecto al mismo per\u00edodo de 2019; as\u00ed como 697 casos de varicela, con un decremento del 52.6 por ciento; al igual que cinco mil 189 casos de conjuntivitis, con una reducci\u00f3n del 46.8 por ciento, y mil 30 casos de escabiosis, que es 25.1 porcentual inferior.<\/p>\n\n\n\n<p>Pero, en el caso de dengue, hay 130 casos confirmados acumulados.<\/p>\n\n\n\n<p>Cabe resaltar que con la interrupci\u00f3n temporal de la actividad escolar, laboral y recreativa, as\u00ed como la movilidad en el espacio p\u00fablico, tambi\u00e9n disminuy\u00f3 la incidencia de diversas enfermedades as\u00ed como tambi\u00e9n el n\u00famero de personas lesionadas en accidentes de tr\u00e1nsito.<\/p>\n\n\n\n<p>Con el autorresguardo domiciliario ha evitado la proliferaci\u00f3n masiva del coronavirus 2 del S\u00edndrome Respiratorio Agudo Grave (SARS-CoV-2) causante de la enfermedad Covid-19, pero al mismo tiempo ha permitido la disminuci\u00f3n de numerosas enfermedades transmisibles y prevenible.<\/p>\n<div class='share-to-whatsapp-wrapper'><div class='share-on-whsp'>Share on: <\/div><a data-text='NUEVA NORMALIDAD PROPICIA REPUNTE EN CASOS DE SARNA' data-link='https:\/\/visionpeninsular.com\/mid\/nueva-normalidad-propicia-repunte-en-casos-de-sarna\/' class='whatsapp-button whatsapp-share'>WhatsApp<\/a><div class='clear '><\/div><\/div>","protected":false},"excerpt":{"rendered":"<p>En el Estado se registr\u00f3 un aumento de sarna en humanos, consecuencia del regreso a la nueva normalidad, al grado de que tan s\u00f3lo la semana pasada se diagnostic\u00f3 dos casos cada tres horas, revel\u00f3 la Secretar\u00eda de Salud de Yucat\u00e1n (SSY). Asimismo, Tlaxcala desbanc\u00f3 a Yucat\u00e1n en conjuntivitis, por lo que ya se ubica &hellip;<\/p>\n","protected":false},"author":5,"featured_media":128691,"comment_status":"open","ping_status":"open","sticky":false,"template":"","format":"standard","meta":{"_mi_skip_tracking":false},"categories":[50,37],"tags":[21983,21982,5346,1950],"_links":{"self":[{"href":"https:\/\/visionpeninsular.com\/mid\/wp-json\/wp\/v2\/posts\/128690"}],"collection":[{"href":"https:\/\/visionpeninsular.com\/mid\/wp-json\/wp\/v2\/posts"}],"about":[{"href":"https:\/\/visionpeninsular.com\/mid\/wp-json\/wp\/v2\/types\/post"}],"author":[{"embeddable":true,"href":"https:\/\/visionpeninsular.com\/mid\/wp-json\/wp\/v2\/users\/5"}],"replies":[{"embeddable":true,"href":"https:\/\/visionpeninsular.com\/mid\/wp-json\/wp\/v2\/comments?post=128690"}],"version-history":[{"count":1,"href":"https:\/\/visionpeninsular.com\/mid\/wp-json\/wp\/v2\/posts\/128690\/revisions"}],"predecessor-version":[{"id":128695,"href":"https:\/\/visionpeninsular.com\/mid\/wp-json\/wp\/v2\/posts\/128690\/revisions\/128695"}],"wp:featuredmedia":[{"embeddable":true,"href":"https:\/\/visionpeninsular.com\/mid\/wp-json\/wp\/v2\/media\/128691"}],"wp:attachment":[{"href":"https:\/\/visionpeninsular.com\/mid\/wp-json\/wp\/v2\/media?parent=128690"}],"wp:term":[{"taxonomy":"category","embeddable":true,"href":"https:\/\/visionpeninsular.com\/mid\/wp-json\/wp\/v2\/categories?post=128690"},{"taxonomy":"post_tag","embeddable":true,"href":"https:\/\/visionpeninsular.com\/mid\/wp-json\/wp\/v2\/tags?post=128690"}],"curies":[{"name":"wp","href":"https:\/\/api.w.org\/{rel}","templated":true}]}}