{"id":128389,"date":"2020-06-18T11:50:44","date_gmt":"2020-06-18T16:50:44","guid":{"rendered":"http:\/\/visionpeninsular.com\/mid\/?p=128389"},"modified":"2020-06-18T11:50:51","modified_gmt":"2020-06-18T16:50:51","slug":"empresarios-veracruzanos-denuncian-a-ana-guevara-por-intento-de-homicidio","status":"publish","type":"post","link":"https:\/\/visionpeninsular.com\/mid\/empresarios-veracruzanos-denuncian-a-ana-guevara-por-intento-de-homicidio\/","title":{"rendered":"Empresarios veracruzanos denuncian a Ana Guevara por intento de homicidio"},"content":{"rendered":"\n<p><strong>Rafael S\u00e1nchez Cano<\/strong>&nbsp;y&nbsp;<strong>Jes\u00fas Cha\u00edn Oceguera<\/strong>, empresarios veracruzanos, presentaron una denuncia ante la&nbsp;<strong>Fiscal\u00eda General de la Rep\u00fablica<\/strong>&nbsp;por presunto&nbsp;<strong>intento de homicidio<\/strong>&nbsp;tras sufrir un atentado la semana pasada. Las demandadas son&nbsp;<strong>Armida Ram\u00edrez Corral&nbsp;<\/strong>y&nbsp;<strong>Ana Gabriela Guevara<\/strong>, titular de la Comisi\u00f3n Nacional de Cultura F\u00edsica y Deporte.<\/p>\n\n\n\n<p>\u201cVengo a denunciar hechos que, salvo error de apreciaci\u00f3n del suscrito, considero tienen la apariencia de los delitos de\u00a0<strong>Homicidio Calificado<\/strong>\u00a0(tentativa) y\u00a0<strong>portaci\u00f3n de arma de fuego<\/strong>\u00a0de uso exclusivo del Ej\u00e9rcito, Armada y Fuerza A\u00e9rea Mexicana y\/o lo que resulte cometido en agravio del suscrito, Jes\u00fas Cha\u00edn Oceguera y la Sociedad.<\/p>\n\n\n\n<div class=\"wp-block-image\"><figure class=\"aligncenter size-large is-resized\"><img loading=\"lazy\" src=\"http:\/\/visionpeninsular.com\/mid\/wp-content\/uploads\/2020\/06\/ACUSAN-A-ANA-GABRIELA.jpg\" alt=\"\" class=\"wp-image-128393\" width=\"357\" height=\"226\" srcset=\"https:\/\/visionpeninsular.com\/mid\/wp-content\/uploads\/2020\/06\/ACUSAN-A-ANA-GABRIELA.jpg 600w, https:\/\/visionpeninsular.com\/mid\/wp-content\/uploads\/2020\/06\/ACUSAN-A-ANA-GABRIELA-300x190.jpg 300w\" sizes=\"(max-width: 357px) 100vw, 357px\" \/><\/figure><\/div>\n\n\n\n<p>&#8220;<strong>En contra de Armida Ram\u00edrez Corral, Ana Gabriela Guevara<\/strong>\u00a0(actual titular de la Conade) y\/o quien o quienes resulten responsables, solicitando sean investigados y si de ellos se desprendiera la comisi\u00f3n de alg\u00fan o algunos hechos delictuosos, se solicite al Juez de Control competente, audiencia inicial para formular imputaci\u00f3n&#8221;, revel\u00f3 en una investigaci\u00f3n el reportero\u00a0<strong>V\u00edctor Hugo Arteaga<\/strong>.<\/p>\n\n\n\n<p>Los dos empresarios acusaron hace un par de semanas a Guevara y Ram\u00edrez Corral\u00a0<a rel=\"noreferrer noopener\" href=\"https:\/\/www.mediotiempo.com\/mas-deportes\/ana-guevara-corrupcion-conade-vinculada-diputada\" target=\"_blank\"><strong>de fraude y extorsi\u00f3n<\/strong><\/a>\u00a0por asignarle un convenio a la empresa CIMCSA de alimentos para ser proveedores a entrenadores y atletas en el\u00a0<strong>Centro Nacional de Alto Rendimiento<\/strong>\u00a0(CNAR) y Villas Tlalpan. (MEDIO TIEMPO)<\/p>\n\n\n\n<p><\/p>\n<div class='share-to-whatsapp-wrapper'><div class='share-on-whsp'>Share on: <\/div><a data-text='Empresarios veracruzanos denuncian a Ana Guevara por intento de homicidio' data-link='https:\/\/visionpeninsular.com\/mid\/empresarios-veracruzanos-denuncian-a-ana-guevara-por-intento-de-homicidio\/' class='whatsapp-button whatsapp-share'>WhatsApp<\/a><div class='clear '><\/div><\/div>","protected":false},"excerpt":{"rendered":"<p>Rafael S\u00e1nchez Cano&nbsp;y&nbsp;Jes\u00fas Cha\u00edn Oceguera, empresarios veracruzanos, presentaron una denuncia ante la&nbsp;Fiscal\u00eda General de la Rep\u00fablica&nbsp;por presunto&nbsp;intento de homicidio&nbsp;tras sufrir un atentado la semana pasada. Las demandadas son&nbsp;Armida Ram\u00edrez Corral&nbsp;y&nbsp;Ana Gabriela Guevara, titular de la Comisi\u00f3n Nacional de Cultura F\u00edsica y Deporte. \u201cVengo a denunciar hechos que, salvo error de apreciaci\u00f3n del suscrito, considero tienen &hellip;<\/p>\n","protected":false},"author":10,"featured_media":128394,"comment_status":"open","ping_status":"open","sticky":false,"template":"","format":"standard","meta":{"_mi_skip_tracking":false},"categories":[37],"tags":[21885],"_links":{"self":[{"href":"https:\/\/visionpeninsular.com\/mid\/wp-json\/wp\/v2\/posts\/128389"}],"collection":[{"href":"https:\/\/visionpeninsular.com\/mid\/wp-json\/wp\/v2\/posts"}],"about":[{"href":"https:\/\/visionpeninsular.com\/mid\/wp-json\/wp\/v2\/types\/post"}],"author":[{"embeddable":true,"href":"https:\/\/visionpeninsular.com\/mid\/wp-json\/wp\/v2\/users\/10"}],"replies":[{"embeddable":true,"href":"https:\/\/visionpeninsular.com\/mid\/wp-json\/wp\/v2\/comments?post=128389"}],"version-history":[{"count":1,"href":"https:\/\/visionpeninsular.com\/mid\/wp-json\/wp\/v2\/posts\/128389\/revisions"}],"predecessor-version":[{"id":128395,"href":"https:\/\/visionpeninsular.com\/mid\/wp-json\/wp\/v2\/posts\/128389\/revisions\/128395"}],"wp:featuredmedia":[{"embeddable":true,"href":"https:\/\/visionpeninsular.com\/mid\/wp-json\/wp\/v2\/media\/128394"}],"wp:attachment":[{"href":"https:\/\/visionpeninsular.com\/mid\/wp-json\/wp\/v2\/media?parent=128389"}],"wp:term":[{"taxonomy":"category","embeddable":true,"href":"https:\/\/visionpeninsular.com\/mid\/wp-json\/wp\/v2\/categories?post=128389"},{"taxonomy":"post_tag","embeddable":true,"href":"https:\/\/visionpeninsular.com\/mid\/wp-json\/wp\/v2\/tags?post=128389"}],"curies":[{"name":"wp","href":"https:\/\/api.w.org\/{rel}","templated":true}]}}