{"id":127995,"date":"2020-06-13T10:01:15","date_gmt":"2020-06-13T15:01:15","guid":{"rendered":"http:\/\/visionpeninsular.com\/mid\/?p=127995"},"modified":"2020-06-13T10:10:51","modified_gmt":"2020-06-13T15:10:51","slug":"semaforo-epidemiologico-federal-confirma-los-indicadores-estatales-yucatan-esta-en-naranja","status":"publish","type":"post","link":"https:\/\/visionpeninsular.com\/mid\/semaforo-epidemiologico-federal-confirma-los-indicadores-estatales-yucatan-esta-en-naranja\/","title":{"rendered":"SEMA\u0301FORO EPIDEMIOLO\u0301GICO FEDERAL CONFIRMA LOS INDICADORES ESTATALES: YUCATA\u0301N ESTA\u0301 EN \u201cNARANJA\u201d"},"content":{"rendered":"\n<p><em>-El Estado obtiene esta semana la calificaci\u00f3n m\u00e1s sobresaliente al sumar y analizar los indicadores del Sem\u00e1foro Federal.<\/em><\/p>\n\n\n\n<p><em>-Esto demuestra que vamos bien gracias al esfuerzo de todos los yucatecos, aunque no debemos bajar la guardia, solicita el secretario Mauricio Sauri Vivas.<\/em><\/p>\n\n\n\n<p>Esta tarde, en la Ciudad de M\u00e9xico, se dio a conocer el Sem\u00e1foro Epidemiol\u00f3gico Federal, en el que Yucat\u00e1n aparece esta semana en color \u201cNaranja\u201d, con perspectiva \u201cEstable\u201d. Este resultado confirma los resultados de nuestro Sem\u00e1foro Estatal anunciado hace una semana y confirmado ayer jueves.<\/p>\n\n\n\n<p>En el Sem\u00e1foro Epidemiol\u00f3gico Federal, Yucat\u00e1n tiene la mejor calificaci\u00f3n de todas las entidades del pa\u00eds cuando se suman y analizan los resultados de los indicadores que conforman el instrumento de medici\u00f3n federal, lo que \u201cconfirma que se han estado tomando las decisiones correctas, oportunas y basadas en indicadores cient\u00edficos de nuestros expertos en salud p\u00fablica para hacer frente a la pandemia\u201d, considera Mauricio Sauri Vivas, secretario estatal de Salud.<\/p>\n\n\n\n<figure class=\"wp-block-image size-large\"><img loading=\"lazy\" width=\"768\" height=\"542\" src=\"http:\/\/visionpeninsular.com\/mid\/wp-content\/uploads\/2020\/06\/L\u00d3PEZ-GATELL_-scaled-1.jpeg\" alt=\"\" class=\"wp-image-127999\" srcset=\"https:\/\/visionpeninsular.com\/mid\/wp-content\/uploads\/2020\/06\/L\u00d3PEZ-GATELL_-scaled-1.jpeg 768w, https:\/\/visionpeninsular.com\/mid\/wp-content\/uploads\/2020\/06\/L\u00d3PEZ-GATELL_-scaled-1-300x212.jpeg 300w\" sizes=\"(max-width: 768px) 100vw, 768px\" \/><\/figure>\n\n\n\n<p>\u201cEsto, sin embargo, no nos debe llevar a bajar la guardia\u201d, a\u00f1ade Sauri Vivas. \u201cLos indicadores cambian semana a semana, y si no acatamos las medidas, las calificaciones empeoran\u201d.<\/p>\n\n\n\n<p>\u201cHemos obtenido estos resultados sobresalientes porque Gobierno y sociedad hemos actuado con responsabilidad y seriedad, y as\u00ed debemos de continuar. Es sumamente importante, para poder continuar avanzando, que sigamos todas las recomendaciones se\u00f1aladas\u201d.<\/p>\n\n\n\n<p>Ricardo Cort\u00e9s Alcal\u00e1, Director General de Promoci\u00f3n de la Salud del Gobierno de M\u00e9xico, fue quien dio a conocer la actualizaci\u00f3n de los indicadores del Sem\u00e1foro Nacional. Lo acompa\u00f1\u00f3 Hugo L\u00f3pez Gatell, Subsecretario federal de Prevenci\u00f3n y Promoci\u00f3n de la Salud.<\/p>\n\n\n\n<p>En la rueda de prensa diaria que se realiza en Palacio Nacional se inform\u00f3 que en M\u00e9xico van 139 mil 196 casos confirmados de coronavirus y 16 mil 448 fallecidos. Adem\u00e1s, Cort\u00e9s Alcal\u00e1 detall\u00f3 que 16 de las entidades federativas permanecen en sem\u00e1foro \u201cRojo\u201d por la pandemia del coronavirus y las otras 16 est\u00e1n en sem\u00e1foro \u201cNaranja\u201d.<\/p>\n\n\n\n<p>El Sem\u00e1foro Estatal marca que Yucat\u00e1n est\u00e1 en \u201cNaranja\u201d desde el jueves 4 de junio pasado, lo que ha permitido implementar la \u201cola 1\u201d de la reactivaci\u00f3n econ\u00f3mica; esa etapa dio inicio el lunes 8 de junio. Entonces se se\u00f1al\u00f3 que el Sem\u00e1foro Nacional marcaba un desfase respecto al Estatal de aproximadamente una semana, lo que se corrobor\u00f3 con el resultado marcado hoy.<\/p>\n\n\n\n<p>Seg\u00fan los indicadores estatales que sirven para determinar el color del sem\u00e1foro epidemiol\u00f3gico, el porcentaje de ocupaci\u00f3n de cuidados intensivos total es del 20 por ciento, el porcentaje de ocupaci\u00f3n de camas de hospitalizaci\u00f3n alcanza el 39 por ciento, en tanto el incremento en admisiones hospitalarias de la semana con respecto a la anterior est\u00e1 en color naranja; la positividad de los casos es del 39.7 por ciento.<\/p>\n\n\n\n<p>Como se ha informado, con la reanudaci\u00f3n de actividades correspondientes a la \u201cola 1\u201d, empresas de los giros de manufactura, servicios inmobiliarios y de alquiler, ventas de comercio dedicados a las ventas al mayoreo y menudeo, despachos de profesionistas, hoteles y restaurantes retornaron a sus actividades cotidianas, por lo que el Gobierno del Estado contin\u00faa aplicando un operativo para verificar que cumplan con las disposiciones sanitarias sugeridas.<\/p>\n\n\n\n<p>De acuerdo con lo dispuesto, los giros y negocios autorizados en la \u201cola 1\u201d s\u00f3lo pueden laborar de lunes a viernes, por lo que los d\u00edas s\u00e1bados y domingos se restringen dichas actividades y deber\u00e1n permanecer cerrados. Aquellas unidades comerciales que no cumplan con la normativa y protocolos establecidos ser\u00e1n clausuradas. Tambi\u00e9n se hace un llamado a la sociedad para no realizar fiestas ni reuniones sociales para que no suban los contagios y as\u00ed poder continuar con la reactivaci\u00f3n econ\u00f3mica en el Estado.<\/p>\n\n\n\n<p>Todos aquellos negocios que reanudaron funciones en esta \u201cola 1\u201d debieron haber cumplido previamente con su registro en la p\u00e1gina de internet www.reactivacion.yucatan.gob.mx, donde tambi\u00e9n se dieron a conocer los protocolos sanitarios para una reapertura segura.<\/p>\n\n\n\n<p>La actualizaci\u00f3n del Sem\u00e1foro Epidemiol\u00f3gico Estatal se realiza todos los jueves, mientras que los del Sem\u00e1foro Nacional, los viernes. Como se ha mencionado, el gobierno federal analiza datos con un retraso, en promedio, de una semana.<\/p>\n<div class='share-to-whatsapp-wrapper'><div class='share-on-whsp'>Share on: <\/div><a data-text='SEMA\u0301FORO EPIDEMIOLO\u0301GICO FEDERAL CONFIRMA LOS INDICADORES ESTATALES: YUCATA\u0301N ESTA\u0301 EN \u201cNARANJA\u201d' data-link='https:\/\/visionpeninsular.com\/mid\/semaforo-epidemiologico-federal-confirma-los-indicadores-estatales-yucatan-esta-en-naranja\/' class='whatsapp-button whatsapp-share'>WhatsApp<\/a><div class='clear '><\/div><\/div>","protected":false},"excerpt":{"rendered":"<p>-El Estado obtiene esta semana la calificaci\u00f3n m\u00e1s sobresaliente al sumar y analizar los indicadores del Sem\u00e1foro Federal. -Esto demuestra que vamos bien gracias al esfuerzo de todos los yucatecos, aunque no debemos bajar la guardia, solicita el secretario Mauricio Sauri Vivas. Esta tarde, en la Ciudad de M\u00e9xico, se dio a conocer el Sem\u00e1foro &hellip;<\/p>\n","protected":false},"author":5,"featured_media":127998,"comment_status":"open","ping_status":"open","sticky":false,"template":"","format":"standard","meta":{"_mi_skip_tracking":false},"categories":[49,37],"tags":[185,21747],"_links":{"self":[{"href":"https:\/\/visionpeninsular.com\/mid\/wp-json\/wp\/v2\/posts\/127995"}],"collection":[{"href":"https:\/\/visionpeninsular.com\/mid\/wp-json\/wp\/v2\/posts"}],"about":[{"href":"https:\/\/visionpeninsular.com\/mid\/wp-json\/wp\/v2\/types\/post"}],"author":[{"embeddable":true,"href":"https:\/\/visionpeninsular.com\/mid\/wp-json\/wp\/v2\/users\/5"}],"replies":[{"embeddable":true,"href":"https:\/\/visionpeninsular.com\/mid\/wp-json\/wp\/v2\/comments?post=127995"}],"version-history":[{"count":2,"href":"https:\/\/visionpeninsular.com\/mid\/wp-json\/wp\/v2\/posts\/127995\/revisions"}],"predecessor-version":[{"id":128000,"href":"https:\/\/visionpeninsular.com\/mid\/wp-json\/wp\/v2\/posts\/127995\/revisions\/128000"}],"wp:featuredmedia":[{"embeddable":true,"href":"https:\/\/visionpeninsular.com\/mid\/wp-json\/wp\/v2\/media\/127998"}],"wp:attachment":[{"href":"https:\/\/visionpeninsular.com\/mid\/wp-json\/wp\/v2\/media?parent=127995"}],"wp:term":[{"taxonomy":"category","embeddable":true,"href":"https:\/\/visionpeninsular.com\/mid\/wp-json\/wp\/v2\/categories?post=127995"},{"taxonomy":"post_tag","embeddable":true,"href":"https:\/\/visionpeninsular.com\/mid\/wp-json\/wp\/v2\/tags?post=127995"}],"curies":[{"name":"wp","href":"https:\/\/api.w.org\/{rel}","templated":true}]}}