{"id":127939,"date":"2020-06-12T07:27:51","date_gmt":"2020-06-12T12:27:51","guid":{"rendered":"http:\/\/visionpeninsular.com\/mid\/?p=127939"},"modified":"2020-06-12T07:28:52","modified_gmt":"2020-06-12T12:28:52","slug":"el-semaforo-epidemiologico-de-la-zona-sur-de-quintana-roo-seguira-en-rojo","status":"publish","type":"post","link":"https:\/\/visionpeninsular.com\/mid\/el-semaforo-epidemiologico-de-la-zona-sur-de-quintana-roo-seguira-en-rojo\/","title":{"rendered":"El sem\u00e1foro epidemiol\u00f3gico de la zona sur de Quintana Roo seguir\u00e1 en rojo"},"content":{"rendered":"\n<p><strong>El gobernador Carlos Joaqu\u00edn<\/strong>\u00a0inform\u00f3 hoy que el sem\u00e1foro epidemiol\u00f3gico para la zona sur, que comprende los municipios de\u00a0<strong>Felipe Carrillo Puerto, Jos\u00e9 Mar\u00eda Morelos, Bacalar y Oth\u00f3n P. Blanco<\/strong>, se mantiene en rojo durante la semana del 15 al 21 de junio.<\/p>\n\n\n\n<p>Para la zona norte, donde est\u00e1n los municipios de<strong>&nbsp;Tulum, Solidaridad, Cozumel, Puerto Morelos, Benito Ju\u00e1rez, L\u00e1zaro C\u00e1rdenas e Isla Mujeres<\/strong>&nbsp;se conserva en color naranja por el mismo periodo.<\/p>\n\n\n\n<p>El gobernador de&nbsp;<strong>Quintana Roo<\/strong>&nbsp;actualiz\u00f3 hoy la informaci\u00f3n sobre el comportamiento del sem\u00e1foro epidemiol\u00f3gico que regula el retorno gradual, ordenado y responsable a las actividades econ\u00f3micas contempladas en el Plan Reactivemos Quintana Roo.<\/p>\n\n\n\n<p>Inform\u00f3 que a nivel nacional vamos en descenso. De haber estado en el 4 lugar a nivel nacional de positivos,&nbsp;<strong>hoy estamos en el 18 lo que significa que estamos descendiendo en la curva de contagios.<\/strong><\/p>\n\n\n\n<p><strong>Carlos Joaqu\u00edn<\/strong>&nbsp;exhort\u00f3 a la poblaci\u00f3n a seguir cuid\u00e1ndose, a aplicar las medidas de prevenci\u00f3n como el distanciamiento social, el quedarse en casa si no les toca salir, las de higiene como lavarse las manos con frecuencia y usar el gel antibacterial.<\/p>\n\n\n\n<p>El titular del Ejecutivo precis\u00f3 que el hecho que el sem\u00e1foro epidemiol\u00f3gico permita determinadas actividades no quiere decir que ya pas\u00f3 el peligro.&nbsp;<strong><em>\u201cSi sales, tu vida corre peligro y tambi\u00e9n la de tu familia y la de los dem\u00e1s\u201d&nbsp;<\/em><\/strong>dej\u00f3 claro.<\/p>\n\n\n\n<p>Carlos Joaqu\u00edn insisti\u00f3 en que si se relaja el distanciamiento o las medidas de higiene y con ello aumentan m\u00e1s los contagios, el sem\u00e1foro puede retroceder, quedarse en rojo y dar lugar a un nuevo confinamiento, algo que nadie queremos.<\/p>\n\n\n\n<p>La actualizaci\u00f3n de los colores del sem\u00e1foro lo da a conocer el&nbsp;<strong>gobernador Carlos Joaqu\u00edn<\/strong>&nbsp;cada jueves, para que entre en vigor a partir del lunes siguiente. Este d\u00eda lo hizo a trav\u00e9s del programa&nbsp;<strong>Conexi\u00f3n Ciudadana<\/strong>&nbsp;que se transmite por la se\u00f1al del&nbsp;<strong>Sistema Quintanarroense de Comunicaci\u00f3n Social y las redes sociales de la Coordinaci\u00f3n General de Comunicaci\u00f3n.<\/strong><\/p>\n\n\n\n<p>Tal vez te interese:&nbsp;<a href=\"https:\/\/www.meganews.mx\/quintanaroo\/hallan-cuerpo-en-estado-de-descomposicion-en-fraccionamiento-corales\/\">Hallan cuerpo en estado de descomposici\u00f3n en fraccionamiento Corales<\/a><\/p>\n\n\n\n<p><strong>Carlos Joaqu\u00edn&nbsp;<\/strong>destac\u00f3 la importancia de reiniciar de forma gradual, ordenada y responsable las actividades econ\u00f3micas para recuperar m\u00e1s de 83 mil 900 empleos, casi el 20% de la plantilla laboral, y reactivar los m\u00e1s de 400 mil que se mantuvieron como resultado del Pacto de Unidad por Quintana Roo firmado por el sector empresarial.<\/p>\n\n\n\n<p>Las peque\u00f1as y medianas empresa fueron las m\u00e1s afectadas en&nbsp;<strong>Quintana Roo<\/strong>. Dejaron de operar 323 de ellas de un total 426 que se dieron de baja ante el&nbsp;<strong>IMSS&nbsp;<\/strong>en abril pasado. El ramo de la construcci\u00f3n est\u00e1 entre los m\u00e1s perjudicados.<\/p>\n\n\n\n<p>La reanudaci\u00f3n de las obras de construcci\u00f3n del drenaje pluvial en&nbsp;<strong>Chetumal&nbsp;<\/strong>y las de modernizaci\u00f3n de la red de agua potable forman parte de las acciones del&nbsp;<strong>Plan Reactivemos Quintana Roo<\/strong>, pues genera un promedio de 500 empleos directos, con inversi\u00f3n superior a 235 millones de pesos.<\/p>\n\n\n\n<p>Para el norte, se reanudar\u00e1 la construcci\u00f3n del C5 y la instalaci\u00f3n de las c\u00e1maras de videovigilancia que contribuye a mejorar la seguridad y protecci\u00f3n de la gente.<\/p>\n\n\n\n<p>Durante el programa, el gobernador de Quintana Roo dio a conocer que se sigue apoyando a las m\u00e1s de 5 mil familias, de 54 comunidades de municipios del sur, afectadas por las inundaciones provocadas por las constantes lluvias ocasionadas por la tormenta tropical \u201cCrist\u00f3bal\u201d, con alimentos, agua, medicamentos, albergues, colchonetas.<\/p>\n\n\n\n<p>Hay 29 caminos da\u00f1ados que en total suman alrededor de 330 kil\u00f3metros, cuya etapa de reconstrucci\u00f3n iniciar\u00e1 en cuanto el nivel de las aguas descienda.<\/p>\n\n\n\n<p>Ya la Secretar\u00eda de Salud en coordinaci\u00f3n con la Coordinaci\u00f3n Estatal de Protecci\u00f3n Civil inici\u00f3 un programa de fumigaci\u00f3n en esas comunidades y que se extender\u00e1 a todo el estado.<\/p>\n\n\n\n<p>Para seguir atendiendo a esas familias, el Sistema DIF Quintana Roo, a cargo de su presidenta Gaby Rej\u00f3n de Joaqu\u00edn, abri\u00f3 centros de acopio de v\u00edveres.<\/p>\n\n\n\n<p>En relaci\u00f3n con los 5 apoyos para tu tranquilidad, continuar\u00e1n entreg\u00e1ndose los paquetes alimentarios, de los que se han distribuido 781 mil 889, de los cuales 533 mil 028 fueron en la primera etapa y 248 mil 861 en la segunda fase.<\/p>\n\n\n\n<p>El gobernador Carlos Joaqu\u00edn exhort\u00f3 a quienes a\u00fan conservan sus vales de gas hagan uso de ellos, pues la vigencia termina el 30 de junio pr\u00f3ximo.<\/p>\n\n\n\n<p>Por otra parte, para la reactivaci\u00f3n gradual de las actividades tur\u00edsticas, Carlos Joaqu\u00edn explic\u00f3 que m\u00e1s de 5 mil 400 empresas de diversos giros se han registrado para recibir su Certificaci\u00f3n en Protecci\u00f3n y Prevenci\u00f3n Sanitaria en Instalaciones Tur\u00edsticas.<\/p>\n<div class='share-to-whatsapp-wrapper'><div class='share-on-whsp'>Share on: <\/div><a data-text='El sem\u00e1foro epidemiol\u00f3gico de la zona sur de Quintana Roo seguir\u00e1 en rojo' data-link='https:\/\/visionpeninsular.com\/mid\/el-semaforo-epidemiologico-de-la-zona-sur-de-quintana-roo-seguira-en-rojo\/' class='whatsapp-button whatsapp-share'>WhatsApp<\/a><div class='clear '><\/div><\/div>","protected":false},"excerpt":{"rendered":"<p>El gobernador Carlos Joaqu\u00edn\u00a0inform\u00f3 hoy que el sem\u00e1foro epidemiol\u00f3gico para la zona sur, que comprende los municipios de\u00a0Felipe Carrillo Puerto, Jos\u00e9 Mar\u00eda Morelos, Bacalar y Oth\u00f3n P. Blanco, se mantiene en rojo durante la semana del 15 al 21 de junio. Para la zona norte, donde est\u00e1n los municipios de&nbsp;Tulum, Solidaridad, Cozumel, Puerto Morelos, Benito &hellip;<\/p>\n","protected":false},"author":1,"featured_media":127940,"comment_status":"open","ping_status":"open","sticky":false,"template":"","format":"standard","meta":{"_mi_skip_tracking":false},"categories":[47,39],"tags":[21725],"_links":{"self":[{"href":"https:\/\/visionpeninsular.com\/mid\/wp-json\/wp\/v2\/posts\/127939"}],"collection":[{"href":"https:\/\/visionpeninsular.com\/mid\/wp-json\/wp\/v2\/posts"}],"about":[{"href":"https:\/\/visionpeninsular.com\/mid\/wp-json\/wp\/v2\/types\/post"}],"author":[{"embeddable":true,"href":"https:\/\/visionpeninsular.com\/mid\/wp-json\/wp\/v2\/users\/1"}],"replies":[{"embeddable":true,"href":"https:\/\/visionpeninsular.com\/mid\/wp-json\/wp\/v2\/comments?post=127939"}],"version-history":[{"count":1,"href":"https:\/\/visionpeninsular.com\/mid\/wp-json\/wp\/v2\/posts\/127939\/revisions"}],"predecessor-version":[{"id":127941,"href":"https:\/\/visionpeninsular.com\/mid\/wp-json\/wp\/v2\/posts\/127939\/revisions\/127941"}],"wp:featuredmedia":[{"embeddable":true,"href":"https:\/\/visionpeninsular.com\/mid\/wp-json\/wp\/v2\/media\/127940"}],"wp:attachment":[{"href":"https:\/\/visionpeninsular.com\/mid\/wp-json\/wp\/v2\/media?parent=127939"}],"wp:term":[{"taxonomy":"category","embeddable":true,"href":"https:\/\/visionpeninsular.com\/mid\/wp-json\/wp\/v2\/categories?post=127939"},{"taxonomy":"post_tag","embeddable":true,"href":"https:\/\/visionpeninsular.com\/mid\/wp-json\/wp\/v2\/tags?post=127939"}],"curies":[{"name":"wp","href":"https:\/\/api.w.org\/{rel}","templated":true}]}}