{"id":127894,"date":"2020-06-11T13:45:37","date_gmt":"2020-06-11T18:45:37","guid":{"rendered":"http:\/\/visionpeninsular.com\/mid\/?p=127894"},"modified":"2020-06-11T13:46:24","modified_gmt":"2020-06-11T18:46:24","slug":"no-fue-secuestro-menor-se-fue-a-casa-de-unos-familiares","status":"publish","type":"post","link":"https:\/\/visionpeninsular.com\/mid\/no-fue-secuestro-menor-se-fue-a-casa-de-unos-familiares\/","title":{"rendered":"No fue secuestro; menor se fue a casa de unos familiares"},"content":{"rendered":"\n<p>El d\u00eda de ayer corri\u00f3 por las redes sociales la noticia del presunto secuestro de un menor &nbsp;de edad en la comisar\u00eda de Cholul.<\/p>\n\n\n\n<p>En las versiones citadas en redes sociales, se dec\u00eda de una camioneta blanca, como en otras ocasiones, que se habr\u00eda llevado al menor, pero las investigaciones de la Secretar\u00eda de Seguridad P\u00fablica (SSP), aclar\u00f3 que el ni\u00f1o, por voluntad propia, se hallaba en casa de unos familiares.<\/p>\n\n\n\n<p>El menor, identificado como &nbsp;M.G.C.F., quien habr\u00eda desaparecido de su domicilio en la comisar\u00eda meridana de Cholul, y al conocerse &nbsp;la situaci\u00f3n, &nbsp;comenzaron los rumores que incluso mencionaron que un veh\u00edculo de color blanco se hab\u00eda llevado al peque\u00f1o en contra de su voluntad.<\/p>\n\n\n\n<p>Las autoridades tomaron conocimiento de los hechos, y en poco tiempo se logr\u00f3 esclarecer la situaci\u00f3n: el menor, por cuenta propia, se hab\u00eda quedado en casa de unos familiares, por lo que se descart\u00f3 cualquier hecho delictivo.<\/p>\n\n\n\n<p>Ante tales circunstancias, las mismas autoridades piden a la poblaci\u00f3n no difundir informaci\u00f3n que no est\u00e9 confirmada.<\/p>\n<div class='share-to-whatsapp-wrapper'><div class='share-on-whsp'>Share on: <\/div><a data-text='No fue secuestro; menor se fue a casa de unos familiares' data-link='https:\/\/visionpeninsular.com\/mid\/no-fue-secuestro-menor-se-fue-a-casa-de-unos-familiares\/' class='whatsapp-button whatsapp-share'>WhatsApp<\/a><div class='clear '><\/div><\/div>","protected":false},"excerpt":{"rendered":"<p>El d\u00eda de ayer corri\u00f3 por las redes sociales la noticia del presunto secuestro de un menor &nbsp;de edad en la comisar\u00eda de Cholul. En las versiones citadas en redes sociales, se dec\u00eda de una camioneta blanca, como en otras ocasiones, que se habr\u00eda llevado al menor, pero las investigaciones de la Secretar\u00eda de Seguridad &hellip;<\/p>\n","protected":false},"author":5,"featured_media":127895,"comment_status":"open","ping_status":"open","sticky":false,"template":"","format":"standard","meta":{"_mi_skip_tracking":false},"categories":[50,37],"tags":[21721,21720,21719],"_links":{"self":[{"href":"https:\/\/visionpeninsular.com\/mid\/wp-json\/wp\/v2\/posts\/127894"}],"collection":[{"href":"https:\/\/visionpeninsular.com\/mid\/wp-json\/wp\/v2\/posts"}],"about":[{"href":"https:\/\/visionpeninsular.com\/mid\/wp-json\/wp\/v2\/types\/post"}],"author":[{"embeddable":true,"href":"https:\/\/visionpeninsular.com\/mid\/wp-json\/wp\/v2\/users\/5"}],"replies":[{"embeddable":true,"href":"https:\/\/visionpeninsular.com\/mid\/wp-json\/wp\/v2\/comments?post=127894"}],"version-history":[{"count":1,"href":"https:\/\/visionpeninsular.com\/mid\/wp-json\/wp\/v2\/posts\/127894\/revisions"}],"predecessor-version":[{"id":127896,"href":"https:\/\/visionpeninsular.com\/mid\/wp-json\/wp\/v2\/posts\/127894\/revisions\/127896"}],"wp:featuredmedia":[{"embeddable":true,"href":"https:\/\/visionpeninsular.com\/mid\/wp-json\/wp\/v2\/media\/127895"}],"wp:attachment":[{"href":"https:\/\/visionpeninsular.com\/mid\/wp-json\/wp\/v2\/media?parent=127894"}],"wp:term":[{"taxonomy":"category","embeddable":true,"href":"https:\/\/visionpeninsular.com\/mid\/wp-json\/wp\/v2\/categories?post=127894"},{"taxonomy":"post_tag","embeddable":true,"href":"https:\/\/visionpeninsular.com\/mid\/wp-json\/wp\/v2\/tags?post=127894"}],"curies":[{"name":"wp","href":"https:\/\/api.w.org\/{rel}","templated":true}]}}