{"id":12760,"date":"2016-09-20T04:46:08","date_gmt":"2016-09-20T09:46:08","guid":{"rendered":"http:\/\/visionpeninsular.com\/mid\/?p=12760"},"modified":"2016-09-20T04:46:08","modified_gmt":"2016-09-20T09:46:08","slug":"trabajo-coordinado-permitira-el-desarrollo","status":"publish","type":"post","link":"https:\/\/visionpeninsular.com\/mid\/trabajo-coordinado-permitira-el-desarrollo\/","title":{"rendered":"El desarrollo de Campeche dependen del trabajo coordinado: AMC"},"content":{"rendered":"<p>Tal y como hab\u00eda se\u00f1alado el Gobernador de Campeche, Alejandro Moreno C\u00e1rdenas este lunes por la tarde se reuni\u00f3 con los integrantes de su gabinete con el motivo par analizar el avance de las acciones, obras y proyectos que se han programado para impulsar el desarrollo del Estado en materia de salud, educaci\u00f3n, productividad, y reactivaci\u00f3n econ\u00f3mica entre otras. <\/p>\n<p>En el marco de la reuni\u00f3n, el mandatario enfatiz\u00f3 a los funcionarios que en materia e infraestructura es vital coordinarse y sobre todo supervisar las obras para que \u00e9stas sean de calidad, que se realicen con los recursos asignados transparentando en todo momento el proceso y que puedan ser entregadas en tiempo y forma. <\/p>\n<p>\u201cEn la medida que reforcemos el trabajo coordinado y permanezcamos en estrecha comunicaci\u00f3n podremos superar los retos, avanzar con mayor determinaci\u00f3n en el desarrollo del estado y generarle m\u00e1s oportunidades a la gente\u201d, enfatiz\u00f3 el Gobernador a todos sus funcionarios. <\/p>\n<div class='share-to-whatsapp-wrapper'><div class='share-on-whsp'>Share on: <\/div><a data-text='El desarrollo de Campeche dependen del trabajo coordinado: AMC' data-link='https:\/\/visionpeninsular.com\/mid\/trabajo-coordinado-permitira-el-desarrollo\/' class='whatsapp-button whatsapp-share'>WhatsApp<\/a><div class='clear '><\/div><\/div>","protected":false},"excerpt":{"rendered":"<p>Tal y como hab\u00eda se\u00f1alado el Gobernador de Campeche, Alejandro Moreno C\u00e1rdenas este lunes por la tarde se reuni\u00f3 con los integrantes de su gabinete con el motivo par analizar el avance de las acciones, obras y proyectos que se han programado para impulsar el desarrollo del Estado en materia de salud, educaci\u00f3n, productividad, y &hellip;<\/p>\n","protected":false},"author":1,"featured_media":12761,"comment_status":"open","ping_status":"open","sticky":false,"template":"","format":"standard","meta":{"_mi_skip_tracking":false},"categories":[46],"tags":[182,55,2833,186,2832],"_links":{"self":[{"href":"https:\/\/visionpeninsular.com\/mid\/wp-json\/wp\/v2\/posts\/12760"}],"collection":[{"href":"https:\/\/visionpeninsular.com\/mid\/wp-json\/wp\/v2\/posts"}],"about":[{"href":"https:\/\/visionpeninsular.com\/mid\/wp-json\/wp\/v2\/types\/post"}],"author":[{"embeddable":true,"href":"https:\/\/visionpeninsular.com\/mid\/wp-json\/wp\/v2\/users\/1"}],"replies":[{"embeddable":true,"href":"https:\/\/visionpeninsular.com\/mid\/wp-json\/wp\/v2\/comments?post=12760"}],"version-history":[{"count":1,"href":"https:\/\/visionpeninsular.com\/mid\/wp-json\/wp\/v2\/posts\/12760\/revisions"}],"predecessor-version":[{"id":12762,"href":"https:\/\/visionpeninsular.com\/mid\/wp-json\/wp\/v2\/posts\/12760\/revisions\/12762"}],"wp:featuredmedia":[{"embeddable":true,"href":"https:\/\/visionpeninsular.com\/mid\/wp-json\/wp\/v2\/media\/12761"}],"wp:attachment":[{"href":"https:\/\/visionpeninsular.com\/mid\/wp-json\/wp\/v2\/media?parent=12760"}],"wp:term":[{"taxonomy":"category","embeddable":true,"href":"https:\/\/visionpeninsular.com\/mid\/wp-json\/wp\/v2\/categories?post=12760"},{"taxonomy":"post_tag","embeddable":true,"href":"https:\/\/visionpeninsular.com\/mid\/wp-json\/wp\/v2\/tags?post=12760"}],"curies":[{"name":"wp","href":"https:\/\/api.w.org\/{rel}","templated":true}]}}