{"id":127381,"date":"2020-06-06T10:47:28","date_gmt":"2020-06-06T15:47:28","guid":{"rendered":"http:\/\/visionpeninsular.com\/mid\/?p=127381"},"modified":"2020-06-06T10:48:37","modified_gmt":"2020-06-06T15:48:37","slug":"el-derecho-global-ante-los-retos-del-covid-19","status":"publish","type":"post","link":"https:\/\/visionpeninsular.com\/mid\/el-derecho-global-ante-los-retos-del-covid-19\/","title":{"rendered":"El Derecho Global Ante Los Retos del Covid-19"},"content":{"rendered":"\n<p><strong>S\u00cdNTESIS DE MESA PANEL<\/strong><\/p>\n\n\n\n<p>El pasado s\u00e1bado 30 de mayo, el Colegio de Posgraduados en Derecho de Yucat\u00e1n (CPDY), realiz\u00f3 la s\u00e9ptima parte de su Conversatorio <strong>\u201cRetos Jur\u00eddicos e Institucionales en la Lucha contra el COVID-19 en Yucat\u00e1n<\/strong>\u201d. denominada <strong>El Derecho Global Ante Los Retos del Covid-19<\/strong>. Para dicho acto acad\u00e9mico se cont\u00f3 con la participaci\u00f3n de diversos especialistas que dieron un enfoque multidisciplinario al tema, siempre orientado al derecho global. <\/p>\n\n\n\n<div class=\"wp-block-image\"><figure class=\"aligncenter size-large is-resized\"><img loading=\"lazy\" src=\"https:\/\/i2.wp.com\/visionpeninsular.com\/mid\/wp-content\/uploads\/2020\/06\/TRATADOS-EN-PAISES.jpg?fit=618%2C309\" alt=\"\" class=\"wp-image-127392\" width=\"358\" height=\"179\" srcset=\"https:\/\/visionpeninsular.com\/mid\/wp-content\/uploads\/2020\/06\/TRATADOS-EN-PAISES.jpg 2000w, https:\/\/visionpeninsular.com\/mid\/wp-content\/uploads\/2020\/06\/TRATADOS-EN-PAISES-300x150.jpg 300w, https:\/\/visionpeninsular.com\/mid\/wp-content\/uploads\/2020\/06\/TRATADOS-EN-PAISES-1024x512.jpg 1024w, https:\/\/visionpeninsular.com\/mid\/wp-content\/uploads\/2020\/06\/TRATADOS-EN-PAISES-768x384.jpg 768w, https:\/\/visionpeninsular.com\/mid\/wp-content\/uploads\/2020\/06\/TRATADOS-EN-PAISES-1536x768.jpg 1536w, https:\/\/visionpeninsular.com\/mid\/wp-content\/uploads\/2020\/06\/TRATADOS-EN-PAISES-660x330.jpg 660w, https:\/\/visionpeninsular.com\/mid\/wp-content\/uploads\/2020\/06\/TRATADOS-EN-PAISES-1050x525.jpg 1050w\" sizes=\"(max-width: 358px) 100vw, 358px\" \/><\/figure><\/div>\n\n\n\n<p>El panel fue integrado por el Dr. Pedro Jos\u00e9 Carrasco, Director Acad\u00e9mico de Posgrados en Derecho de la Universidad de Castilla de la Mancha en Toledo, Espa\u00f1a, profesor investigador, conferencista y docente a nivel de posgrados; el Dr. Juan Manuel Torres Colina, Coordinador de Ciencias Sociales y Negocios de la Universidad del Valle de M\u00e9xico Campus M\u00e9rida, docente a nivel universitario y Secretario de Derecho Internacional en la Delegaci\u00f3n Yucat\u00e1n de la Confederaci\u00f3n de Colegios y Asociaciones de Abogados de M\u00e9xico (CONCAAM)<\/p>\n\n\n\n<div class=\"wp-block-image\"><figure class=\"aligncenter size-large is-resized\"><img loading=\"lazy\" src=\"https:\/\/i1.wp.com\/visionpeninsular.com\/mid\/wp-content\/uploads\/2020\/06\/DERECHO-GLOBAL-1-1.png?fit=618%2C477\" alt=\"\" class=\"wp-image-127383\" width=\"373\" height=\"287\"\/><\/figure><\/div>\n\n\n\n<p>Acompa\u00f1\u00f3 a todos los antes mencionados, el Dr. \u00c1ngel Daniel Torruco Gonz\u00e1lez, Director de Servicios Acad\u00e9micos y Escolares de la Universidad Vizcaya de las Am\u00e9ricas Campus M\u00e9rida, Comisionado Regional para el Sureste Mexicano de la Organizaci\u00f3n Mundial de Abogados, Secretario Ejecutivo Nacional de la CONCAAM y Secretario de Relaciones Internacionales del Colegio de Posgraduados en Derecho de Yucat\u00e1n. El Panel fue moderado por el Dr. Jimmy Humberto Mart\u00ednez Rodr\u00edguez, Presidente del Colegio de Posgraduados en Derecho de Yucat\u00e1n AC.<\/p>\n\n\n\n<p>Se inici\u00f3 el panel con una introducci\u00f3n sobre los retos que enfrenta el Derecho Global en la actualidad y el desaf\u00edo que implica la pandemia de Coronavirus para todos los pa\u00edses. Dentro de una primera ronda de intervenciones, el Dr. Pedro Carrasco abord\u00f3 el tema desde el estudio del caso de Espa\u00f1a, donde analiz\u00f3 el cumplimiento cooperativo de las obligaciones tributarias ante el COVID-19.<\/p>\n\n\n\n<div class=\"wp-block-image\"><figure class=\"aligncenter size-large is-resized\"><img loading=\"lazy\" src=\"https:\/\/i2.wp.com\/visionpeninsular.com\/mid\/wp-content\/uploads\/2020\/06\/DERECHO-GLOBAL-2.png?fit=618%2C296\" alt=\"\" class=\"wp-image-127385\" width=\"375\" height=\"180\" srcset=\"https:\/\/visionpeninsular.com\/mid\/wp-content\/uploads\/2020\/06\/DERECHO-GLOBAL-2.png 1280w, https:\/\/visionpeninsular.com\/mid\/wp-content\/uploads\/2020\/06\/DERECHO-GLOBAL-2-300x144.png 300w, https:\/\/visionpeninsular.com\/mid\/wp-content\/uploads\/2020\/06\/DERECHO-GLOBAL-2-1024x491.png 1024w, https:\/\/visionpeninsular.com\/mid\/wp-content\/uploads\/2020\/06\/DERECHO-GLOBAL-2-768x368.png 768w\" sizes=\"(max-width: 375px) 100vw, 375px\" \/><figcaption><strong>(Dr. Angel Daniel Torruco Gonz\u00e1lez)<\/strong><\/figcaption><\/figure><\/div>\n\n\n\n<p>Por su parte, el Dr. Juan Manuel Torres abord\u00f3 el COVID-19 a la luz del Derecho Internacional, citando el marco jur\u00eddico en la materia y resaltando la importancia del cumplimiento de los acuerdos entre las naciones, por el principio de buena fe.<\/p>\n\n\n\n<p>Finalmente, el Dr. \u00c1ngel Torruco dio un recuento de los diferentes instrumentos jur\u00eddicos internacionales con los que contamos en materia de derechos humanos, enmarcando la relevancia que tienen como criterios orientadores del derecho local y present\u00e1ndolos como la principal herramienta que tiene la sociedad para luchar contra los riesgos globales en materia de salud.<\/p>\n\n\n\n<div class=\"wp-block-image\"><figure class=\"aligncenter size-large is-resized\"><img loading=\"lazy\" src=\"http:\/\/visionpeninsular.com\/mid\/wp-content\/uploads\/2020\/06\/AYUDA-HUMANITARIA-COVID19.jpg\" alt=\"\" class=\"wp-image-127384\" width=\"321\" height=\"213\" srcset=\"https:\/\/visionpeninsular.com\/mid\/wp-content\/uploads\/2020\/06\/AYUDA-HUMANITARIA-COVID19.jpg 645w, https:\/\/visionpeninsular.com\/mid\/wp-content\/uploads\/2020\/06\/AYUDA-HUMANITARIA-COVID19-300x200.jpg 300w, https:\/\/visionpeninsular.com\/mid\/wp-content\/uploads\/2020\/06\/AYUDA-HUMANITARIA-COVID19-310x205.jpg 310w\" sizes=\"(max-width: 321px) 100vw, 321px\" \/><figcaption><strong>(Ayuda Humanitaria Internacional )<\/strong><\/figcaption><\/figure><\/div>\n\n\n\n<p>Dentro de sus conclusiones, el Dr. Pedro Carrasco expuso que hay un cambio de paradigma en las relaciones tributarias en Espa\u00f1a y el mundo, llegando a suavizarse a nivel europeo el concepto de \u201cayudas de Estado\u201d. El Dr. Juan Manuel Torres hizo \u00e9nfasis en la importancia del multilateralismo como punto esencial para coordinar los esfuerzos regionales para contener la pandemia, siendo fundamental el trabajo de los organismos internacionales.<\/p>\n\n\n\n<div class=\"wp-block-image\"><figure class=\"aligncenter size-large is-resized\"><img loading=\"lazy\" src=\"https:\/\/i2.wp.com\/visionpeninsular.com\/mid\/wp-content\/uploads\/2020\/06\/DERECHO-GLOBAL-3.png?fit=618%2C386\" alt=\"\" class=\"wp-image-127388\" width=\"339\" height=\"212\" srcset=\"https:\/\/visionpeninsular.com\/mid\/wp-content\/uploads\/2020\/06\/DERECHO-GLOBAL-3.png 1280w, https:\/\/visionpeninsular.com\/mid\/wp-content\/uploads\/2020\/06\/DERECHO-GLOBAL-3-300x188.png 300w, https:\/\/visionpeninsular.com\/mid\/wp-content\/uploads\/2020\/06\/DERECHO-GLOBAL-3-1024x640.png 1024w, https:\/\/visionpeninsular.com\/mid\/wp-content\/uploads\/2020\/06\/DERECHO-GLOBAL-3-768x480.png 768w\" sizes=\"(max-width: 339px) 100vw, 339px\" \/><\/figure><\/div>\n\n\n\n<p>Para finalizar, el Dr. Torruco concluy\u00f3 que ser\u00e1 fundamental cumplir con el marco jur\u00eddico internacional y nacional, as\u00ed como seguir las indicaciones de organizaciones como la OMS y el Foro Econ\u00f3mico Mundial, para lograr sobrellevar los efectos negativos de esta pandemia, siempre buscando la mayor protecci\u00f3n de los derechos humanos.<\/p>\n\n\n\n<div class=\"wp-block-image\"><figure class=\"aligncenter size-large is-resized\"><img loading=\"lazy\" src=\"http:\/\/visionpeninsular.com\/mid\/wp-content\/uploads\/2020\/06\/CPDY-LOGO-1.jpg\" alt=\"\" class=\"wp-image-127389\" width=\"277\" height=\"230\" srcset=\"https:\/\/visionpeninsular.com\/mid\/wp-content\/uploads\/2020\/06\/CPDY-LOGO-1.jpg 960w, https:\/\/visionpeninsular.com\/mid\/wp-content\/uploads\/2020\/06\/CPDY-LOGO-1-300x249.jpg 300w, https:\/\/visionpeninsular.com\/mid\/wp-content\/uploads\/2020\/06\/CPDY-LOGO-1-768x638.jpg 768w\" sizes=\"(max-width: 277px) 100vw, 277px\" \/><\/figure><\/div>\n\n\n\n<p>Como cierre de esta actividad, el Dr. Jimmy Mart\u00ednez Rodr\u00edguez, Presidente del Colegio de Postgraduados en Derecho de Yucat\u00e1n AC (CPDY), mencion\u00f3 el valor de las aportaciones de los panelistas y agradeci\u00f3 que contribuyeran con este tipo de actividades acad\u00e9micas. <\/p>\n\n\n\n<p>Tambi\u00e9n recalc\u00f3 la presencia de los treinta prestigiados abogados que acompa\u00f1aron la actividad y enmarc\u00f3 el valor de la misma, por haber logrado gozar de un car\u00e1cter internacional, donde Espa\u00f1a y M\u00e9xico se hermanan en la b\u00fasqueda de construir una nueva conciencia jur\u00eddica que tenga una visi\u00f3n global, que tanto hace falta en estos d\u00edas.<\/p>\n<div class='share-to-whatsapp-wrapper'><div class='share-on-whsp'>Share on: <\/div><a data-text='El Derecho Global Ante Los Retos del Covid-19' data-link='https:\/\/visionpeninsular.com\/mid\/el-derecho-global-ante-los-retos-del-covid-19\/' class='whatsapp-button whatsapp-share'>WhatsApp<\/a><div class='clear '><\/div><\/div>","protected":false},"excerpt":{"rendered":"<p>S\u00cdNTESIS DE MESA PANEL El pasado s\u00e1bado 30 de mayo, el Colegio de Posgraduados en Derecho de Yucat\u00e1n (CPDY), realiz\u00f3 la s\u00e9ptima parte de su Conversatorio \u201cRetos Jur\u00eddicos e Institucionales en la Lucha contra el COVID-19 en Yucat\u00e1n\u201d. denominada El Derecho Global Ante Los Retos del Covid-19. Para dicho acto acad\u00e9mico se cont\u00f3 con la &hellip;<\/p>\n","protected":false},"author":10,"featured_media":127393,"comment_status":"open","ping_status":"open","sticky":false,"template":"","format":"standard","meta":{"_mi_skip_tracking":false},"categories":[20706],"tags":[21317],"_links":{"self":[{"href":"https:\/\/visionpeninsular.com\/mid\/wp-json\/wp\/v2\/posts\/127381"}],"collection":[{"href":"https:\/\/visionpeninsular.com\/mid\/wp-json\/wp\/v2\/posts"}],"about":[{"href":"https:\/\/visionpeninsular.com\/mid\/wp-json\/wp\/v2\/types\/post"}],"author":[{"embeddable":true,"href":"https:\/\/visionpeninsular.com\/mid\/wp-json\/wp\/v2\/users\/10"}],"replies":[{"embeddable":true,"href":"https:\/\/visionpeninsular.com\/mid\/wp-json\/wp\/v2\/comments?post=127381"}],"version-history":[{"count":1,"href":"https:\/\/visionpeninsular.com\/mid\/wp-json\/wp\/v2\/posts\/127381\/revisions"}],"predecessor-version":[{"id":127394,"href":"https:\/\/visionpeninsular.com\/mid\/wp-json\/wp\/v2\/posts\/127381\/revisions\/127394"}],"wp:featuredmedia":[{"embeddable":true,"href":"https:\/\/visionpeninsular.com\/mid\/wp-json\/wp\/v2\/media\/127393"}],"wp:attachment":[{"href":"https:\/\/visionpeninsular.com\/mid\/wp-json\/wp\/v2\/media?parent=127381"}],"wp:term":[{"taxonomy":"category","embeddable":true,"href":"https:\/\/visionpeninsular.com\/mid\/wp-json\/wp\/v2\/categories?post=127381"},{"taxonomy":"post_tag","embeddable":true,"href":"https:\/\/visionpeninsular.com\/mid\/wp-json\/wp\/v2\/tags?post=127381"}],"curies":[{"name":"wp","href":"https:\/\/api.w.org\/{rel}","templated":true}]}}